{"id":2701,"date":"2009-05-07T23:59:44","date_gmt":"2009-05-07T22:59:44","guid":{"rendered":"http:\/\/jlggb.net\/blog\/?p=2701"},"modified":"2009-08-26T10:05:56","modified_gmt":"2009-08-26T09:05:56","slug":"vitrine-remarquee","status":"publish","type":"post","link":"http:\/\/jlggb.net\/blog\/?p=2701","title":{"rendered":"Devanture remarqu\u00e9e"},"content":{"rendered":"<p><a href=\"http:\/\/jlggb.net\/blog\/wp-content\/uploads\/2009\/05\/hermann_vitrine_2.jpg\" data-rel=\"lightbox-image-0\" data-imagelightbox=\"0\" data-rl_title=\"\" data-rl_caption=\"\"><img loading=\"lazy\" decoding=\"async\" class=\"alignnone size-full wp-image-2733\" title=\"\" src=\"http:\/\/jlggb.net\/blog\/wp-content\/uploads\/2009\/05\/hermann_vitrine_2.jpg\" alt=\"hermann_vitrine_2\" width=\"640\" height=\"480\" srcset=\"http:\/\/jlggb.net\/blog\/wp-content\/uploads\/2009\/05\/hermann_vitrine_2.jpg 1280w, http:\/\/jlggb.net\/blog\/wp-content\/uploads\/2009\/05\/hermann_vitrine_2-200x150.jpg 200w, http:\/\/jlggb.net\/blog\/wp-content\/uploads\/2009\/05\/hermann_vitrine_2-500x375.jpg 500w, http:\/\/jlggb.net\/blog\/wp-content\/uploads\/2009\/05\/hermann_vitrine_2-1024x768.jpg 1024w\" sizes=\"auto, (max-width: 640px) 100vw, 640px\" \/><\/a><br \/>\n<a href=\"http:\/\/www.editions-hermann.fr\/presentation.php\" target=\"_blank\">Hermann, \u00e9diteur, 6 rue de la Sorbonne, Paris 5e<\/a>. Vendredi 1er mai, vers 16h.<br \/>\nConnue depuis toujours, cette devanture est remarquable par son style concret, constructiviste et graphique&nbsp;: caissons m\u00e9talliques ouverts peints dans le beige parisien, assemblages par des boulons apparents, acier inoxydable, lettres de l&rsquo;enseigne en rectangles minimalistes. Le site de l&rsquo;\u00e9diteur mentionne une alliance avec Adrian Frutigier pour le graphisme des livres au d\u00e9but des ann\u00e9es 60. Alors on pouvait supposer que la vitrine \u00e9tait elle-m\u00eame dessin\u00e9e par le typographe. C&rsquo;est la question qui a \u00e9t\u00e9 pos\u00e9e mercredi 6 mai 2009 vers 14h \u00e0 une jeune dame travaillant l\u00e0. Renseignement pris par elle dans le bureau \u00e0 l&rsquo;arri\u00e8re du magasin, sa r\u00e9ponse est (mot \u00e9crit sur un post-it dans le creux de sa main)&nbsp;: \u00ab Frutiger \u00bb. \u00c7a reste \u00e0 v\u00e9rifier.*<\/p>\n<p style=\"text-align: center;\"><a href=\"http:\/\/www.linotype.com\/5369\/photogalleryadrianfrutigerandlinotype.html?PHPSESSID=41f12fa7f38cfdf20cc5ac27d4aa7568\" target=\"_blank\"><img loading=\"lazy\" decoding=\"async\" class=\"size-full wp-image-2702 aligncenter\" title=\"adrian-frutiger\" src=\"http:\/\/jlggb.net\/blog\/wp-content\/uploads\/2009\/05\/adrian-frutiger.jpg\" alt=\"adrian-frutiger\" width=\"140\" height=\"187\" srcset=\"http:\/\/jlggb.net\/blog\/wp-content\/uploads\/2009\/05\/adrian-frutiger.jpg 213w, http:\/\/jlggb.net\/blog\/wp-content\/uploads\/2009\/05\/adrian-frutiger-112x150.jpg 112w\" sizes=\"auto, (max-width: 140px) 100vw, 140px\" \/><\/a><\/p>\n<p style=\"text-align: center;\">Adrian Frutiger en 2004.<br \/>\nCopyright \u00a9 2009 Linotype GmbH.<\/p>\n<blockquote><p>\u00ab N\u00e9 en 1928 \u00e0 Interlaken en Suisse, Adrian Frutiger a consacr\u00e9 deux ann\u00e9es de sa carri\u00e8re \u00e0 l&rsquo;\u00e9laboration et \u00e0 la r\u00e9alisation du d\u00e9sormais c\u00e9l\u00e8bre caract\u00e8re <a href=\"http:\/\/new.myfonts.com\/fonts\/linotype\/univers\/\" target=\"_blank\">Univers [Deberny &amp; Peignot]<\/a>. Lanc\u00e9 en 1957, ce caract\u00e8re a connu un succ\u00e8s imm\u00e9diat et constitue l&rsquo;un des plus importants de la deuxi\u00e8me moiti\u00e9 du XXe si\u00e8cle. Dans les ann\u00e9es 70, Frutiger a \u00e9galement con\u00e7u un nouvel alphabet, baptis\u00e9 par la suite Frutiger, destin\u00e9 au syst\u00e8me signal\u00e9tique de l&rsquo;A\u00e9roport Paris-Charles de Gaulle. \u00bb<\/p>\n<p><a href=\"http:\/\/www.artfilm.ch\/adrianfrutiger.php?lang=f\" target=\"_blank\"><img loading=\"lazy\" decoding=\"async\" class=\"alignnone size-full wp-image-2727\" title=\"homme_noir_blanc_adrian_frutiger\" src=\"http:\/\/jlggb.net\/blog\/wp-content\/uploads\/2009\/05\/homme_noir_blanc_adrian_frutiger.jpg\" alt=\"homme_noir_blanc_adrian_frutiger\" width=\"360\" height=\"203\" srcset=\"http:\/\/jlggb.net\/blog\/wp-content\/uploads\/2009\/05\/homme_noir_blanc_adrian_frutiger.jpg 360w, http:\/\/jlggb.net\/blog\/wp-content\/uploads\/2009\/05\/homme_noir_blanc_adrian_frutiger-200x112.jpg 200w\" sizes=\"auto, (max-width: 360px) 100vw, 360px\" \/><\/a><br \/>\nA.F. \u00e0 sa table de travail (ses caract\u00e8res sont tout en courbes, trac\u00e9s \u00e0 la main).<\/p><\/blockquote>\n<p>Adrian Frutiger est donc rest\u00e9 \u00e0 Paris de 1952 \u00e0 1992. Il a cr\u00e9\u00e9 plus de 100 caract\u00e8res. Il a \u00e9galement enseign\u00e9 \u00e0 l&rsquo;\u00c9cole Estienne et \u00e0 l&rsquo;\u00c9cole nationale sup\u00e9rieure des arts d\u00e9coratifs. Adrian Frutiger fut bri\u00e8vement fr\u00e9quent\u00e9 en 1967 (et avec lui son esth\u00e9tique fonctionnaliste et son autorit\u00e9 suisse) au moment o\u00f9 s&rsquo;\u00e9laborait la charte graphique et la signal\u00e9tique de la Maison de la culture de Grenoble pour son ouverture en 1968.<\/p>\n<p style=\"text-align: center;\"><a href=\"http:\/\/jlggb.net\/blog\/wp-content\/uploads\/2009\/05\/univers_67_mc.jpg\" data-rel=\"lightbox-image-1\" data-imagelightbox=\"1\" data-rl_title=\"\" data-rl_caption=\"\"><img loading=\"lazy\" decoding=\"async\" class=\"size-full wp-image-2707 aligncenter\" title=\"\" src=\"http:\/\/jlggb.net\/blog\/wp-content\/uploads\/2009\/05\/univers_67_mc.jpg\" alt=\"univers_67_mc\" width=\"204\" height=\"30\" srcset=\"http:\/\/jlggb.net\/blog\/wp-content\/uploads\/2009\/05\/univers_67_mc.jpg 716w, http:\/\/jlggb.net\/blog\/wp-content\/uploads\/2009\/05\/univers_67_mc-200x30.jpg 200w, http:\/\/jlggb.net\/blog\/wp-content\/uploads\/2009\/05\/univers_67_mc-500x76.jpg 500w\" sizes=\"auto, (max-width: 204px) 100vw, 204px\" \/><\/a>Les caract\u00e8res utilis\u00e9s \u00e9taient l&rsquo;Univers 67 (gras \u00e9troit romain) et l&rsquo;Univers 68 (gras \u00e9troit italique)&nbsp;: facile \u00e0 retenir&nbsp;!<\/p>\n<p style=\"text-align: center;\"><a href=\"http:\/\/jlggb.net\/blog\/wp-content\/uploads\/2009\/05\/univers.jpg\" data-rel=\"lightbox-image-2\" data-imagelightbox=\"2\" data-rl_title=\"\" data-rl_caption=\"\"><img loading=\"lazy\" decoding=\"async\" class=\"alignnone size-full wp-image-2737\" title=\"\" src=\"http:\/\/jlggb.net\/blog\/wp-content\/uploads\/2009\/05\/univers.jpg\" alt=\"univers\" width=\"150\" height=\"225\" srcset=\"http:\/\/jlggb.net\/blog\/wp-content\/uploads\/2009\/05\/univers.jpg 360w, http:\/\/jlggb.net\/blog\/wp-content\/uploads\/2009\/05\/univers-100x150.jpg 100w, http:\/\/jlggb.net\/blog\/wp-content\/uploads\/2009\/05\/univers-250x375.jpg 250w\" sizes=\"auto, (max-width: 150px) 100vw, 150px\" \/><\/a><br \/>\nLa matrice de l&rsquo;Univers.<\/p>\n<p style=\"text-align: center;\"><a href=\"http:\/\/jlggb.net\/blog\/wp-content\/uploads\/2009\/05\/frutiger-des-signes-et-des-hommes.jpg\" data-rel=\"lightbox-image-3\" data-imagelightbox=\"3\" data-rl_title=\"\" data-rl_caption=\"\"><img loading=\"lazy\" decoding=\"async\" class=\"alignnone size-full wp-image-3089\" title=\"\" src=\"http:\/\/jlggb.net\/blog\/wp-content\/uploads\/2009\/05\/frutiger-des-signes-et-des-hommes.jpg\" alt=\"frutiger-des-signes-et-des-hommes\" width=\"150\" height=\"238\" srcset=\"http:\/\/jlggb.net\/blog\/wp-content\/uploads\/2009\/05\/frutiger-des-signes-et-des-hommes.jpg 473w, http:\/\/jlggb.net\/blog\/wp-content\/uploads\/2009\/05\/frutiger-des-signes-et-des-hommes-94x150.jpg 94w, http:\/\/jlggb.net\/blog\/wp-content\/uploads\/2009\/05\/frutiger-des-signes-et-des-hommes-237x375.jpg 237w\" sizes=\"auto, (max-width: 150px) 100vw, 150px\" \/><\/a><br \/>\nUn livre int\u00e9ressant et devenu rare d&rsquo;Adrian Frutiger&nbsp;:<br \/>\n<em>Des signes et des hommes<\/em>, Delta &amp; Spes, Lausanne, 1983.<\/p>\n<p style=\"text-align: left;\"><a href=\"http:\/\/jlggb.net\/blog\/wp-content\/uploads\/2009\/05\/frutiger-hermann.jpg\" data-rel=\"lightbox-image-4\" data-imagelightbox=\"4\" data-rl_title=\"\" data-rl_caption=\"\"><img loading=\"lazy\" decoding=\"async\" class=\"alignnone size-full wp-image-4457\" title=\"\" src=\"http:\/\/jlggb.net\/blog\/wp-content\/uploads\/2009\/05\/frutiger-hermann.jpg\" alt=\"frutiger-hermann\" width=\"299\" height=\"226\" \/><\/a><br \/>\nNote *. V\u00e9rification le 25 juillet 2009, librairie Orell F\u00fcssli \u00e0 Z\u00fcrich, dans le livre <em>Adrian Frutiger Schriften. Das Gesamtwerk<\/em>, Ein Birkh\u00e4user Buch, 2009&nbsp;: le magasin Hermann est signal\u00e9 pour le dessin de l&rsquo;enseigne, p\u00e9riode 1957-1960.<\/p>\n","protected":false},"excerpt":{"rendered":"<p>Hermann, \u00e9diteur, 6 rue de la Sorbonne, Paris 5e. Vendredi 1er mai, vers 16h. Connue depuis toujours, cette devanture est remarquable par son style concret, constructiviste et graphique&nbsp;: caissons m\u00e9talliques ouverts peints dans le beige parisien, assemblages par des boulons apparents, acier inoxydable, lettres de l&rsquo;enseigne en rectangles minimalistes. Le site de l&rsquo;\u00e9diteur mentionne une &hellip; <a href=\"http:\/\/jlggb.net\/blog\/?p=2701\" class=\"more-link\">Continuer la lecture de <span class=\"screen-reader-text\">Devanture remarqu\u00e9e<\/span><\/a><\/p>\n","protected":false},"author":2,"featured_media":0,"comment_status":"closed","ping_status":"closed","sticky":false,"template":"","format":"standard","meta":{"footnotes":""},"categories":[18,39,17,47,330],"tags":[407,406,96,309,408],"class_list":["post-2701","post","type-post","status-publish","format-standard","hentry","category-architecture","category-collection","category-design","category-reperage","category-typographie","tag-frutiger","tag-hermann","tag-paris","tag-sorbonne","tag-univers"],"_links":{"self":[{"href":"http:\/\/jlggb.net\/blog\/index.php?rest_route=\/wp\/v2\/posts\/2701","targetHints":{"allow":["GET"]}}],"collection":[{"href":"http:\/\/jlggb.net\/blog\/index.php?rest_route=\/wp\/v2\/posts"}],"about":[{"href":"http:\/\/jlggb.net\/blog\/index.php?rest_route=\/wp\/v2\/types\/post"}],"author":[{"embeddable":true,"href":"http:\/\/jlggb.net\/blog\/index.php?rest_route=\/wp\/v2\/users\/2"}],"replies":[{"embeddable":true,"href":"http:\/\/jlggb.net\/blog\/index.php?rest_route=%2Fwp%2Fv2%2Fcomments&post=2701"}],"version-history":[{"count":0,"href":"http:\/\/jlggb.net\/blog\/index.php?rest_route=\/wp\/v2\/posts\/2701\/revisions"}],"wp:attachment":[{"href":"http:\/\/jlggb.net\/blog\/index.php?rest_route=%2Fwp%2Fv2%2Fmedia&parent=2701"}],"wp:term":[{"taxonomy":"category","embeddable":true,"href":"http:\/\/jlggb.net\/blog\/index.php?rest_route=%2Fwp%2Fv2%2Fcategories&post=2701"},{"taxonomy":"post_tag","embeddable":true,"href":"http:\/\/jlggb.net\/blog\/index.php?rest_route=%2Fwp%2Fv2%2Ftags&post=2701"}],"curies":[{"name":"wp","href":"https:\/\/api.w.org\/{rel}","templated":true}]}}