{"id":261,"date":"2008-03-28T22:00:33","date_gmt":"2008-03-28T21:00:33","guid":{"rendered":"http:\/\/jlggb.net\/blog\/?p=261"},"modified":"2010-12-27T14:07:36","modified_gmt":"2010-12-27T13:07:36","slug":"chatelet-vitry","status":"publish","type":"post","link":"http:\/\/jlggb.net\/blog\/?p=261","title":{"rendered":"Ch\u00e2telet-Vitry et retour"},"content":{"rendered":"<p>\u00a0<a href=\"http:\/\/jlggb.net\/blog\/wp-content\/uploads\/2008\/04\/closky_8002-9891.jpg\" title=\"\" data-rel=\"lightbox-image-0\" data-imagelightbox=\"0\" data-rl_title=\"\" data-rl_caption=\"\"><img loading=\"lazy\" decoding=\"async\" src=\"http:\/\/jlggb.net\/blog\/wp-content\/uploads\/2008\/04\/closky_8002-9891.jpg\" alt=\"closky_8002-9891.jpg\" height=\"480\" width=\"640\" \/><\/a><br \/>\n<a href=\"http:\/\/jlggb.net\/blog\/wp-content\/uploads\/2008\/03\/chatelet_closky.jpg\" title=\"\" data-rel=\"lightbox-image-1\" data-imagelightbox=\"1\" data-rl_title=\"\" data-rl_caption=\"\"><img loading=\"lazy\" decoding=\"async\" src=\"http:\/\/jlggb.net\/blog\/wp-content\/uploads\/2008\/03\/chatelet_closky.jpg\" alt=\"chatelet_closky.jpg\" height=\"480\" width=\"640\" \/><\/a><br \/>\nJeudi 27 mars 2008, 19h30. De l&rsquo;autocar de presse qui va partir du Ch\u00e2telet pour Vitry, le MacVal, le vernissage de la r\u00e9trospective de Claude Closky. Il faut avoir son nom sur la liste mais on passe \u00e0 travers. Dans l&rsquo;autobus du retour, allant jusqu&rsquo;\u00e0 la Porte de Choisy, il y aura une arm\u00e9e de contr\u00f4leurs et de \u00ab policiers \u00bb Ratp. L\u00e0 les contr\u00f4les seront strictement au faci\u00e8s. Et pourtant les billets n&rsquo;\u00e9taient pas trois zones.<\/p>\n","protected":false},"excerpt":{"rendered":"<p>\u00a0 Jeudi 27 mars 2008, 19h30. De l&rsquo;autocar de presse qui va partir du Ch\u00e2telet pour Vitry, le MacVal, le vernissage de la r\u00e9trospective de Claude Closky. Il faut avoir son nom sur la liste mais on passe \u00e0 travers. Dans l&rsquo;autobus du retour, allant jusqu&rsquo;\u00e0 la Porte de Choisy, il y aura une arm\u00e9e &hellip; <a href=\"http:\/\/jlggb.net\/blog\/?p=261\" class=\"more-link\">Continuer la lecture de <span class=\"screen-reader-text\">Ch\u00e2telet-Vitry et retour<\/span><\/a><\/p>\n","protected":false},"author":2,"featured_media":0,"comment_status":"closed","ping_status":"closed","sticky":false,"template":"","format":"standard","meta":{"footnotes":""},"categories":[9,101,26],"tags":[803,805,804],"class_list":["post-261","post","type-post","status-publish","format-standard","hentry","category-exposition","category-rendez-vous","category-transport","tag-closky","tag-macval","tag-vitry"],"_links":{"self":[{"href":"http:\/\/jlggb.net\/blog\/index.php?rest_route=\/wp\/v2\/posts\/261","targetHints":{"allow":["GET"]}}],"collection":[{"href":"http:\/\/jlggb.net\/blog\/index.php?rest_route=\/wp\/v2\/posts"}],"about":[{"href":"http:\/\/jlggb.net\/blog\/index.php?rest_route=\/wp\/v2\/types\/post"}],"author":[{"embeddable":true,"href":"http:\/\/jlggb.net\/blog\/index.php?rest_route=\/wp\/v2\/users\/2"}],"replies":[{"embeddable":true,"href":"http:\/\/jlggb.net\/blog\/index.php?rest_route=%2Fwp%2Fv2%2Fcomments&post=261"}],"version-history":[{"count":0,"href":"http:\/\/jlggb.net\/blog\/index.php?rest_route=\/wp\/v2\/posts\/261\/revisions"}],"wp:attachment":[{"href":"http:\/\/jlggb.net\/blog\/index.php?rest_route=%2Fwp%2Fv2%2Fmedia&parent=261"}],"wp:term":[{"taxonomy":"category","embeddable":true,"href":"http:\/\/jlggb.net\/blog\/index.php?rest_route=%2Fwp%2Fv2%2Fcategories&post=261"},{"taxonomy":"post_tag","embeddable":true,"href":"http:\/\/jlggb.net\/blog\/index.php?rest_route=%2Fwp%2Fv2%2Ftags&post=261"}],"curies":[{"name":"wp","href":"https:\/\/api.w.org\/{rel}","templated":true}]}}