{"id":2346,"date":"2009-04-20T10:00:20","date_gmt":"2009-04-20T09:00:20","guid":{"rendered":"http:\/\/jlggb.net\/blog\/?p=2346"},"modified":"2009-08-26T10:36:03","modified_gmt":"2009-08-26T09:36:03","slug":"panoramic","status":"publish","type":"post","link":"http:\/\/jlggb.net\/blog\/?p=2346","title":{"rendered":"Panoramic"},"content":{"rendered":"<p><a href=\"http:\/\/jlggb.net\/blog\/wp-content\/uploads\/2009\/04\/panoramic_esc.jpg\" data-rel=\"lightbox-image-0\" data-imagelightbox=\"0\" data-rl_title=\"\" data-rl_caption=\"\"><img loading=\"lazy\" decoding=\"async\" class=\"alignnone size-full wp-image-2348\" title=\"\" src=\"http:\/\/jlggb.net\/blog\/wp-content\/uploads\/2009\/04\/panoramic_esc.jpg\" alt=\"panoramic_esc\" width=\"640\" height=\"480\" srcset=\"http:\/\/jlggb.net\/blog\/wp-content\/uploads\/2009\/04\/panoramic_esc.jpg 1280w, http:\/\/jlggb.net\/blog\/wp-content\/uploads\/2009\/04\/panoramic_esc-200x150.jpg 200w, http:\/\/jlggb.net\/blog\/wp-content\/uploads\/2009\/04\/panoramic_esc-500x375.jpg 500w, http:\/\/jlggb.net\/blog\/wp-content\/uploads\/2009\/04\/panoramic_esc-1024x768.jpg 1024w\" sizes=\"auto, (max-width: 640px) 100vw, 640px\" \/><\/a><br \/>\nSur les hauteurs de l&rsquo;est d&rsquo;Aix-les-Bains, le tr\u00e8s grand immeuble Panoramic, construit comme h\u00f4tel en 1929 sur les plans de l&rsquo;architecte parisien L\u00e9on Bouille, a \u00e9t\u00e9 vendu en appartements avant m\u00eame son ach\u00e8vement en 1931 (<a href=\"http:\/\/www.patrimoine-aixlesbains.fr\/?page=fiches&amp;p=IA73001436\" target=\"_blank\">Voir la fiche du Patrimoine d&rsquo;Aix-les-Bains<\/a>). Dimanche 19 avril 2009, 16h15.<\/p>\n<p style=\"text-align: center;\"><a href=\"http:\/\/jlggb.net\/blog\/wp-content\/uploads\/2009\/04\/aix-panoramic-1953.jpg\" data-rel=\"lightbox-image-1\" data-imagelightbox=\"1\" data-rl_title=\"\" data-rl_caption=\"\"><img loading=\"lazy\" decoding=\"async\" class=\"size-full wp-image-2349 aligncenter\" title=\"\" src=\"http:\/\/jlggb.net\/blog\/wp-content\/uploads\/2009\/04\/aix-panoramic-1953.jpg\" alt=\"aix-panoramic-1953\" width=\"201\" height=\"135\" \/><\/a>Le site d&rsquo;Aix-les-Bains vu depuis l&rsquo;une des terrasses du Panoramic,<br \/>\ncarte postale [dr], 1953.<\/p>\n","protected":false},"excerpt":{"rendered":"<p>Sur les hauteurs de l&rsquo;est d&rsquo;Aix-les-Bains, le tr\u00e8s grand immeuble Panoramic, construit comme h\u00f4tel en 1929 sur les plans de l&rsquo;architecte parisien L\u00e9on Bouille, a \u00e9t\u00e9 vendu en appartements avant m\u00eame son ach\u00e8vement en 1931 (Voir la fiche du Patrimoine d&rsquo;Aix-les-Bains). Dimanche 19 avril 2009, 16h15. Le site d&rsquo;Aix-les-Bains vu depuis l&rsquo;une des terrasses du &hellip; <a href=\"http:\/\/jlggb.net\/blog\/?p=2346\" class=\"more-link\">Continuer la lecture de <span class=\"screen-reader-text\">Panoramic<\/span><\/a><\/p>\n","protected":false},"author":2,"featured_media":0,"comment_status":"closed","ping_status":"closed","sticky":false,"template":"","format":"standard","meta":{"footnotes":""},"categories":[18,39,181,46,13],"tags":[57,840,835],"class_list":["post-2346","post","type-post","status-publish","format-standard","hentry","category-architecture","category-collection","category-escalier","category-monument","category-visite","tag-aix-les-bains","tag-escalier","tag-monument"],"_links":{"self":[{"href":"http:\/\/jlggb.net\/blog\/index.php?rest_route=\/wp\/v2\/posts\/2346","targetHints":{"allow":["GET"]}}],"collection":[{"href":"http:\/\/jlggb.net\/blog\/index.php?rest_route=\/wp\/v2\/posts"}],"about":[{"href":"http:\/\/jlggb.net\/blog\/index.php?rest_route=\/wp\/v2\/types\/post"}],"author":[{"embeddable":true,"href":"http:\/\/jlggb.net\/blog\/index.php?rest_route=\/wp\/v2\/users\/2"}],"replies":[{"embeddable":true,"href":"http:\/\/jlggb.net\/blog\/index.php?rest_route=%2Fwp%2Fv2%2Fcomments&post=2346"}],"version-history":[{"count":0,"href":"http:\/\/jlggb.net\/blog\/index.php?rest_route=\/wp\/v2\/posts\/2346\/revisions"}],"wp:attachment":[{"href":"http:\/\/jlggb.net\/blog\/index.php?rest_route=%2Fwp%2Fv2%2Fmedia&parent=2346"}],"wp:term":[{"taxonomy":"category","embeddable":true,"href":"http:\/\/jlggb.net\/blog\/index.php?rest_route=%2Fwp%2Fv2%2Fcategories&post=2346"},{"taxonomy":"post_tag","embeddable":true,"href":"http:\/\/jlggb.net\/blog\/index.php?rest_route=%2Fwp%2Fv2%2Ftags&post=2346"}],"curies":[{"name":"wp","href":"https:\/\/api.w.org\/{rel}","templated":true}]}}