{"id":2245,"date":"2009-03-17T23:59:54","date_gmt":"2009-03-17T22:59:54","guid":{"rendered":"http:\/\/jlggb.net\/blog\/?p=2245"},"modified":"2012-03-16T23:04:59","modified_gmt":"2012-03-16T21:04:59","slug":"reperage-12-lycee-professionnel","status":"publish","type":"post","link":"http:\/\/jlggb.net\/blog\/?p=2245","title":{"rendered":"Vue : lyc\u00e9e professionnel)"},"content":{"rendered":"<p><a href=\"http:\/\/jlggb.net\/blog\/wp-content\/uploads\/2009\/04\/bartholdi.jpg\" data-rel=\"lightbox-image-0\" data-imagelightbox=\"0\" data-rl_title=\"\" data-rl_caption=\"\"><img loading=\"lazy\" decoding=\"async\" class=\"alignnone size-full wp-image-2247\" title=\"\" src=\"http:\/\/jlggb.net\/blog\/wp-content\/uploads\/2009\/04\/bartholdi.jpg\" alt=\"bartholdi\" width=\"640\" height=\"480\" srcset=\"http:\/\/jlggb.net\/blog\/wp-content\/uploads\/2009\/04\/bartholdi.jpg 1280w, http:\/\/jlggb.net\/blog\/wp-content\/uploads\/2009\/04\/bartholdi-200x150.jpg 200w, http:\/\/jlggb.net\/blog\/wp-content\/uploads\/2009\/04\/bartholdi-500x375.jpg 500w, http:\/\/jlggb.net\/blog\/wp-content\/uploads\/2009\/04\/bartholdi-1024x768.jpg 1024w\" sizes=\"auto, (max-width: 640px) 100vw, 640px\" \/><\/a><br \/>\nLatitude&nbsp;: 48\u00b056&rsquo;41.07&Prime;N, longitude&nbsp;: 2\u00b021&rsquo;58.33&Prime;E. Mardi 17 mars 2009 \u00e0 17h07. Lyc\u00e9e professionnel Bartholdi, 12, rue de la Libert\u00e9, Saint Denis.<\/p>\n","protected":false},"excerpt":{"rendered":"<p>Latitude&nbsp;: 48\u00b056&rsquo;41.07&Prime;N, longitude&nbsp;: 2\u00b021&rsquo;58.33&Prime;E. Mardi 17 mars 2009 \u00e0 17h07. Lyc\u00e9e professionnel Bartholdi, 12, rue de la Libert\u00e9, Saint Denis.<\/p>\n","protected":false},"author":2,"featured_media":0,"comment_status":"closed","ping_status":"closed","sticky":false,"template":"","format":"standard","meta":{"footnotes":""},"categories":[20,19,634],"tags":[368,836,369],"class_list":["post-2245","post","type-post","status-publish","format-standard","hentry","category-universite-et-ecole","category-ville","category-vue","tag-lycee-professionnel-bartholdi","tag-reperage","tag-saint-denis"],"_links":{"self":[{"href":"http:\/\/jlggb.net\/blog\/index.php?rest_route=\/wp\/v2\/posts\/2245","targetHints":{"allow":["GET"]}}],"collection":[{"href":"http:\/\/jlggb.net\/blog\/index.php?rest_route=\/wp\/v2\/posts"}],"about":[{"href":"http:\/\/jlggb.net\/blog\/index.php?rest_route=\/wp\/v2\/types\/post"}],"author":[{"embeddable":true,"href":"http:\/\/jlggb.net\/blog\/index.php?rest_route=\/wp\/v2\/users\/2"}],"replies":[{"embeddable":true,"href":"http:\/\/jlggb.net\/blog\/index.php?rest_route=%2Fwp%2Fv2%2Fcomments&post=2245"}],"version-history":[{"count":0,"href":"http:\/\/jlggb.net\/blog\/index.php?rest_route=\/wp\/v2\/posts\/2245\/revisions"}],"wp:attachment":[{"href":"http:\/\/jlggb.net\/blog\/index.php?rest_route=%2Fwp%2Fv2%2Fmedia&parent=2245"}],"wp:term":[{"taxonomy":"category","embeddable":true,"href":"http:\/\/jlggb.net\/blog\/index.php?rest_route=%2Fwp%2Fv2%2Fcategories&post=2245"},{"taxonomy":"post_tag","embeddable":true,"href":"http:\/\/jlggb.net\/blog\/index.php?rest_route=%2Fwp%2Fv2%2Ftags&post=2245"}],"curies":[{"name":"wp","href":"https:\/\/api.w.org\/{rel}","templated":true}]}}