{"id":2216,"date":"2009-04-13T02:00:35","date_gmt":"2009-04-13T01:00:35","guid":{"rendered":"http:\/\/jlggb.net\/blog\/?p=2216"},"modified":"2009-08-26T10:42:47","modified_gmt":"2009-08-26T09:42:47","slug":"la-gare-du-telepherique-du-revard","status":"publish","type":"post","link":"http:\/\/jlggb.net\/blog\/?p=2216","title":{"rendered":"La gare du t\u00e9l\u00e9ph\u00e9rique du Revard"},"content":{"rendered":"<p>La gare du t\u00e9l\u00e9ph\u00e9rique du Revard a \u00e9t\u00e9 construite en 1935 pour la Soci\u00e9t\u00e9 h\u00f4teli\u00e8re et touristique du R\u00e9seau P.L.M. par la Soci\u00e9t\u00e9 d\u2019architecture de Paris, Andr\u00e9 Rebuffel, ing\u00e9nieur civil de l\u2019Ecole des Ponts et Chauss\u00e9es, sp\u00e9cialis\u00e9 dans la r\u00e9alisation de t\u00e9l\u00e9ph\u00e9riques, Charles et Laurent Pierron, architectes. L&rsquo;exploitation du t\u00e9l\u00e9ph\u00e9rique a cess\u00e9 en 1969.<\/p>\n<p><a href=\"http:\/\/jlggb.net\/blog\/wp-content\/uploads\/2009\/04\/mentens1.jpg\" data-rel=\"lightbox-image-0\" data-imagelightbox=\"0\" data-rl_title=\"\" data-rl_caption=\"\"><img loading=\"lazy\" decoding=\"async\" class=\"alignnone size-full wp-image-2217\" title=\"\" src=\"http:\/\/jlggb.net\/blog\/wp-content\/uploads\/2009\/04\/mentens1.jpg\" alt=\"mentens1\" width=\"640\" height=\"480\" srcset=\"http:\/\/jlggb.net\/blog\/wp-content\/uploads\/2009\/04\/mentens1.jpg 1280w, http:\/\/jlggb.net\/blog\/wp-content\/uploads\/2009\/04\/mentens1-200x150.jpg 200w, http:\/\/jlggb.net\/blog\/wp-content\/uploads\/2009\/04\/mentens1-500x375.jpg 500w, http:\/\/jlggb.net\/blog\/wp-content\/uploads\/2009\/04\/mentens1-1024x768.jpg 1024w\" sizes=\"auto, (max-width: 640px) 100vw, 640px\" \/><\/a><br \/>\n<a href=\"http:\/\/jlggb.net\/blog\/wp-content\/uploads\/2009\/04\/mentens2.jpg\" data-rel=\"lightbox-image-1\" data-imagelightbox=\"1\" data-rl_title=\"\" data-rl_caption=\"\"><img loading=\"lazy\" decoding=\"async\" class=\"alignnone size-full wp-image-2218\" title=\"\" src=\"http:\/\/jlggb.net\/blog\/wp-content\/uploads\/2009\/04\/mentens2.jpg\" alt=\"mentens2\" width=\"640\" height=\"480\" srcset=\"http:\/\/jlggb.net\/blog\/wp-content\/uploads\/2009\/04\/mentens2.jpg 1280w, http:\/\/jlggb.net\/blog\/wp-content\/uploads\/2009\/04\/mentens2-200x150.jpg 200w, http:\/\/jlggb.net\/blog\/wp-content\/uploads\/2009\/04\/mentens2-500x375.jpg 500w, http:\/\/jlggb.net\/blog\/wp-content\/uploads\/2009\/04\/mentens2-1024x768.jpg 1024w\" sizes=\"auto, (max-width: 640px) 100vw, 640px\" \/><\/a><br \/>\n<a href=\"http:\/\/jlggb.net\/blog\/wp-content\/uploads\/2009\/04\/mentens3.jpg\" data-rel=\"lightbox-image-2\" data-imagelightbox=\"2\" data-rl_title=\"\" data-rl_caption=\"\"><img loading=\"lazy\" decoding=\"async\" class=\"alignnone size-full wp-image-2219\" title=\"\" src=\"http:\/\/jlggb.net\/blog\/wp-content\/uploads\/2009\/04\/mentens3.jpg\" alt=\"mentens3\" width=\"640\" height=\"480\" srcset=\"http:\/\/jlggb.net\/blog\/wp-content\/uploads\/2009\/04\/mentens3.jpg 1280w, http:\/\/jlggb.net\/blog\/wp-content\/uploads\/2009\/04\/mentens3-200x150.jpg 200w, http:\/\/jlggb.net\/blog\/wp-content\/uploads\/2009\/04\/mentens3-500x375.jpg 500w, http:\/\/jlggb.net\/blog\/wp-content\/uploads\/2009\/04\/mentens3-1024x768.jpg 1024w\" sizes=\"auto, (max-width: 640px) 100vw, 640px\" \/><\/a><br \/>\n<a href=\"http:\/\/jlggb.net\/blog\/wp-content\/uploads\/2009\/04\/mentens4.jpg\" data-rel=\"lightbox-image-3\" data-imagelightbox=\"3\" data-rl_title=\"\" data-rl_caption=\"\"><img loading=\"lazy\" decoding=\"async\" class=\"alignnone size-full wp-image-2220\" title=\"\" src=\"http:\/\/jlggb.net\/blog\/wp-content\/uploads\/2009\/04\/mentens4.jpg\" alt=\"mentens4\" width=\"640\" height=\"480\" srcset=\"http:\/\/jlggb.net\/blog\/wp-content\/uploads\/2009\/04\/mentens4.jpg 1280w, http:\/\/jlggb.net\/blog\/wp-content\/uploads\/2009\/04\/mentens4-200x150.jpg 200w, http:\/\/jlggb.net\/blog\/wp-content\/uploads\/2009\/04\/mentens4-500x375.jpg 500w, http:\/\/jlggb.net\/blog\/wp-content\/uploads\/2009\/04\/mentens4-1024x768.jpg 1024w\" sizes=\"auto, (max-width: 640px) 100vw, 640px\" \/><\/a><br \/>\nMentens, commune de Mouxy, Savoie, samedi 11 avril 2009.<\/p>\n<p style=\"text-align: center;\"><a href=\"http:\/\/jlggb.net\/blog\/wp-content\/uploads\/2009\/04\/mentens_cartepostale.jpg\" data-rel=\"lightbox-image-4\" data-imagelightbox=\"4\" data-rl_title=\"\" data-rl_caption=\"\"><img loading=\"lazy\" decoding=\"async\" class=\"size-full wp-image-2222 aligncenter\" title=\"\" src=\"http:\/\/jlggb.net\/blog\/wp-content\/uploads\/2009\/04\/mentens_cartepostale.jpg\" alt=\"mentens_cartepostale\" width=\"200\" height=\"127\" srcset=\"http:\/\/jlggb.net\/blog\/wp-content\/uploads\/2009\/04\/mentens_cartepostale.jpg 635w, http:\/\/jlggb.net\/blog\/wp-content\/uploads\/2009\/04\/mentens_cartepostale-200x127.jpg 200w, http:\/\/jlggb.net\/blog\/wp-content\/uploads\/2009\/04\/mentens_cartepostale-500x318.jpg 500w\" sizes=\"auto, (max-width: 200px) 100vw, 200px\" \/><\/a>Carte postale, ann\u00e9es 30<\/p>\n<p style=\"text-align: center;\"><a href=\"http:\/\/jlggb.net\/blog\/wp-content\/uploads\/2009\/04\/telepherique-revard.jpg\" data-rel=\"lightbox-image-5\" data-imagelightbox=\"5\" data-rl_title=\"\" data-rl_caption=\"\"><img loading=\"lazy\" decoding=\"async\" class=\"alignnone size-full wp-image-2223\" title=\"\" src=\"http:\/\/jlggb.net\/blog\/wp-content\/uploads\/2009\/04\/telepherique-revard.jpg\" alt=\"telepherique-revard\" width=\"400\" height=\"279\" srcset=\"http:\/\/jlggb.net\/blog\/wp-content\/uploads\/2009\/04\/telepherique-revard.jpg 860w, http:\/\/jlggb.net\/blog\/wp-content\/uploads\/2009\/04\/telepherique-revard-200x139.jpg 200w, http:\/\/jlggb.net\/blog\/wp-content\/uploads\/2009\/04\/telepherique-revard-500x348.jpg 500w\" sizes=\"auto, (max-width: 400px) 100vw, 400px\" \/><\/a><br \/>\nLac du Bourget, Dent du Chat, Aix-les-Bains, t\u00e9l\u00e9ph\u00e9rique du Revard.<br \/>\nCarte postale, ann\u00e9es 50<\/p>\n<p style=\"text-align: center;\"><a href=\"http:\/\/jlggb.net\/blog\/wp-content\/uploads\/2009\/04\/mont-revard.jpg\" data-rel=\"lightbox-image-6\" data-imagelightbox=\"6\" data-rl_title=\"\" data-rl_caption=\"\"><img loading=\"lazy\" decoding=\"async\" class=\"alignnone size-full wp-image-2224\" title=\"\" src=\"http:\/\/jlggb.net\/blog\/wp-content\/uploads\/2009\/04\/mont-revard.jpg\" alt=\"mont-revard\" width=\"200\" height=\"307\" srcset=\"http:\/\/jlggb.net\/blog\/wp-content\/uploads\/2009\/04\/mont-revard.jpg 400w, http:\/\/jlggb.net\/blog\/wp-content\/uploads\/2009\/04\/mont-revard-97x150.jpg 97w, http:\/\/jlggb.net\/blog\/wp-content\/uploads\/2009\/04\/mont-revard-244x375.jpg 244w\" sizes=\"auto, (max-width: 200px) 100vw, 200px\" \/><\/a><br \/>\nCarte publicitaire, ann\u00e9es 30<br \/>\n[Documents&nbsp;: dr]<\/p>\n","protected":false},"excerpt":{"rendered":"<p>La gare du t\u00e9l\u00e9ph\u00e9rique du Revard a \u00e9t\u00e9 construite en 1935 pour la Soci\u00e9t\u00e9 h\u00f4teli\u00e8re et touristique du R\u00e9seau P.L.M. par la Soci\u00e9t\u00e9 d\u2019architecture de Paris, Andr\u00e9 Rebuffel, ing\u00e9nieur civil de l\u2019Ecole des Ponts et Chauss\u00e9es, sp\u00e9cialis\u00e9 dans la r\u00e9alisation de t\u00e9l\u00e9ph\u00e9riques, Charles et Laurent Pierron, architectes. L&rsquo;exploitation du t\u00e9l\u00e9ph\u00e9rique a cess\u00e9 en 1969. Mentens, &hellip; <a href=\"http:\/\/jlggb.net\/blog\/?p=2216\" class=\"more-link\">Continuer la lecture de <span class=\"screen-reader-text\">La gare du t\u00e9l\u00e9ph\u00e9rique du Revard<\/span><\/a><\/p>\n","protected":false},"author":2,"featured_media":0,"comment_status":"closed","ping_status":"closed","sticky":false,"template":"","format":"standard","meta":{"footnotes":""},"categories":[18,46,26],"tags":[57,829,365,364,835,366],"class_list":["post-2216","post","type-post","status-publish","format-standard","hentry","category-architecture","category-monument","category-transport","tag-aix-les-bains","tag-architecture","tag-dent-du-chat","tag-lac-du-bourget","tag-monument","tag-telepherique-du-revard"],"_links":{"self":[{"href":"http:\/\/jlggb.net\/blog\/index.php?rest_route=\/wp\/v2\/posts\/2216","targetHints":{"allow":["GET"]}}],"collection":[{"href":"http:\/\/jlggb.net\/blog\/index.php?rest_route=\/wp\/v2\/posts"}],"about":[{"href":"http:\/\/jlggb.net\/blog\/index.php?rest_route=\/wp\/v2\/types\/post"}],"author":[{"embeddable":true,"href":"http:\/\/jlggb.net\/blog\/index.php?rest_route=\/wp\/v2\/users\/2"}],"replies":[{"embeddable":true,"href":"http:\/\/jlggb.net\/blog\/index.php?rest_route=%2Fwp%2Fv2%2Fcomments&post=2216"}],"version-history":[{"count":0,"href":"http:\/\/jlggb.net\/blog\/index.php?rest_route=\/wp\/v2\/posts\/2216\/revisions"}],"wp:attachment":[{"href":"http:\/\/jlggb.net\/blog\/index.php?rest_route=%2Fwp%2Fv2%2Fmedia&parent=2216"}],"wp:term":[{"taxonomy":"category","embeddable":true,"href":"http:\/\/jlggb.net\/blog\/index.php?rest_route=%2Fwp%2Fv2%2Fcategories&post=2216"},{"taxonomy":"post_tag","embeddable":true,"href":"http:\/\/jlggb.net\/blog\/index.php?rest_route=%2Fwp%2Fv2%2Ftags&post=2216"}],"curies":[{"name":"wp","href":"https:\/\/api.w.org\/{rel}","templated":true}]}}