{"id":2197,"date":"2009-04-10T23:59:45","date_gmt":"2009-04-10T22:59:45","guid":{"rendered":"http:\/\/jlggb.net\/blog\/?p=2197"},"modified":"2025-12-11T01:44:45","modified_gmt":"2025-12-10T23:44:45","slug":"occupee-20-j%e2%80%99arrive-enfin","status":"publish","type":"post","link":"http:\/\/jlggb.net\/blog\/?p=2197","title":{"rendered":"Occupation (20. J\u2019arrive enfin)"},"content":{"rendered":"<p><a href=\"http:\/\/jlggb.net\/blog\/wp-content\/uploads\/2009\/04\/couz.jpg\" data-rel=\"lightbox-image-0\" data-imagelightbox=\"0\" data-rl_title=\"\" data-rl_caption=\"\"><img loading=\"lazy\" decoding=\"async\" class=\"alignnone size-full wp-image-2202\" title=\"\" src=\"http:\/\/jlggb.net\/blog\/wp-content\/uploads\/2009\/04\/couz.jpg\" alt=\"couz\" width=\"640\" height=\"478\" \/><\/a><br \/>\nVendredi 10 avril 2009, 13h15, TGV.<\/p>\n<p>\u00c0 la fin du mois de septembre 1731, Jean-Jacques Rousseau revient de Lyon vers Chamb\u00e9ry en passant par Les \u00c9chelles et la cascade de Couz&nbsp;:<br \/>\nPlus pr\u00e8s de Chamberi j\u2019eus un spectacle semblable en sens contraire. Le chemin passe au pied de la plus belle cascade que je vis de mes jours. La montagne est tellement escarp\u00e9e que l\u2019eau se d\u00e9tache net et tombe en arcade assez loin pour qu\u2019on puisse passer entre la cascade et la roche, quelquefois sans \u00eatre mouill\u00e9. Mais si l\u2019on ne prend bien ses mesures on y est ais\u00e9ment tromp\u00e9, comme je le fus&nbsp;: car \u00e0 cause de l\u2019extr\u00e9me hauteur l\u2019eau se divise et tombe en poussi\u00e9re, et lorsqu\u2019on approche un peu trop de ce nuage, sans s\u2019appercevoir d\u2019abord qu\u2019on se mouille, \u00e0 l\u2019instant on est tout tremp\u00e9.<br \/>\nJ\u2019arrive enfin, je la revois. Elle n\u2019\u00e9toit pas seule.<br \/>\nJean-Jacques Rousseau, <em>Les Confessions<\/em>, <em>\u0152uvres compl\u00e8tes<\/em> La Pl\u00e9iade, t.I, p. 173<\/p>\n<p><a href=\"http:\/\/jlggb.net\/blog\/wp-content\/uploads\/2009\/04\/couz_moments.jpg\" data-rel=\"lightbox-image-1\" data-imagelightbox=\"1\" data-rl_title=\"\" data-rl_caption=\"\"><img loading=\"lazy\" decoding=\"async\" class=\"alignnone size-full wp-image-2204\" title=\"\" src=\"http:\/\/jlggb.net\/blog\/wp-content\/uploads\/2009\/04\/couz_moments.jpg\" alt=\"couz_moments\" width=\"400\" height=\"300\" srcset=\"http:\/\/jlggb.net\/blog\/wp-content\/uploads\/2009\/04\/couz_moments.jpg 640w, http:\/\/jlggb.net\/blog\/wp-content\/uploads\/2009\/04\/couz_moments-200x150.jpg 200w, http:\/\/jlggb.net\/blog\/wp-content\/uploads\/2009\/04\/couz_moments-500x375.jpg 500w\" sizes=\"auto, (max-width: 400px) 100vw, 400px\" \/><\/a><br \/>\n<em>Moments<\/em> de Jean-Jacques Rousseau, Gallimard, 2000.<\/p>\n<p>Arrivant par le TGV \u00e0 Chamb\u00e9ry, depuis Pont-de-Beauvoisin, il faut \u00eatre attentif si l&rsquo;on veut apercevoir la spectaculaire cascade de Couz. Elle surplombe la voie et appara\u00eet dans une trou\u00e9e des arbres. Film\u00e9e \u00e0 plusieurs reprises et finalement le 12 juillet 1999 pour la s\u00e9quence qui est dans le cd-rom <em>Moments<\/em>, elle est devenue un point de rep\u00e8re temporel. Cette fois, le filmage depuis le train a \u00e9t\u00e9 lanc\u00e9 plus de dix minutes avant, avec un long passage dans un tunnel. Mais le train a ralenti et s&rsquo;est arr\u00eat\u00e9 exactement, pour la cam\u00e9ra, devant la cascade.<\/p>\n<p style=\"text-align: center;\">[flv width=\u00a0\u00bb200&Prime; height=\u00a0\u00bb170&Prime;]http:\/\/jlggb.net\/blog\/wp-flv\/couz.flv[\/flv]<\/p>\n<p style=\"text-align: center;\">Une minute de la vid\u00e9o prise depuis le train. 10.04.2009, 12h15.<\/p>\n<p>Co\u00efncidence suppl\u00e9mentaire, dans les <em>Confessions<\/em>, la phrase qui suit la cascade est celle qui inspire le sous-titre de ce blog&nbsp;: \u00ab J\u2019arrive enfin, je la revois. Elle n\u2019\u00e9toit pas seule. \u00bb Elle avait aussi \u00e9tait mise en exergue du texte d&rsquo;introduction \u00e0 <em>L&rsquo;Image n&rsquo;est pas seule<\/em> (exposition inaugurale de la biblioth\u00e8que universitaire de Paris 8 en 1998).<\/p>\n","protected":false},"excerpt":{"rendered":"<p>Vendredi 10 avril 2009, 13h15, TGV. \u00c0 la fin du mois de septembre 1731, Jean-Jacques Rousseau revient de Lyon vers Chamb\u00e9ry en passant par Les \u00c9chelles et la cascade de Couz&nbsp;: Plus pr\u00e8s de Chamberi j\u2019eus un spectacle semblable en sens contraire. Le chemin passe au pied de la plus belle cascade que je vis &hellip; <a href=\"http:\/\/jlggb.net\/blog\/?p=2197\" class=\"more-link\">Continuer la lecture de <span class=\"screen-reader-text\">Occupation (20. J\u2019arrive enfin)<\/span><\/a><\/p>\n","protected":false},"author":2,"featured_media":0,"comment_status":"closed","ping_status":"closed","sticky":false,"template":"","format":"standard","meta":{"footnotes":""},"categories":[45,106,11,10,105,26],"tags":[363,344,28],"class_list":["post-2197","post","type-post","status-publish","format-standard","hentry","category-arrive-enfin","category-coincidence","category-langage","category-livre-2","category-occupe","category-transport","tag-cascade-de-couz","tag-jean-jacques-rousseau","tag-tgv"],"_links":{"self":[{"href":"http:\/\/jlggb.net\/blog\/index.php?rest_route=\/wp\/v2\/posts\/2197","targetHints":{"allow":["GET"]}}],"collection":[{"href":"http:\/\/jlggb.net\/blog\/index.php?rest_route=\/wp\/v2\/posts"}],"about":[{"href":"http:\/\/jlggb.net\/blog\/index.php?rest_route=\/wp\/v2\/types\/post"}],"author":[{"embeddable":true,"href":"http:\/\/jlggb.net\/blog\/index.php?rest_route=\/wp\/v2\/users\/2"}],"replies":[{"embeddable":true,"href":"http:\/\/jlggb.net\/blog\/index.php?rest_route=%2Fwp%2Fv2%2Fcomments&post=2197"}],"version-history":[{"count":3,"href":"http:\/\/jlggb.net\/blog\/index.php?rest_route=\/wp\/v2\/posts\/2197\/revisions"}],"predecessor-version":[{"id":8242,"href":"http:\/\/jlggb.net\/blog\/index.php?rest_route=\/wp\/v2\/posts\/2197\/revisions\/8242"}],"wp:attachment":[{"href":"http:\/\/jlggb.net\/blog\/index.php?rest_route=%2Fwp%2Fv2%2Fmedia&parent=2197"}],"wp:term":[{"taxonomy":"category","embeddable":true,"href":"http:\/\/jlggb.net\/blog\/index.php?rest_route=%2Fwp%2Fv2%2Fcategories&post=2197"},{"taxonomy":"post_tag","embeddable":true,"href":"http:\/\/jlggb.net\/blog\/index.php?rest_route=%2Fwp%2Fv2%2Ftags&post=2197"}],"curies":[{"name":"wp","href":"https:\/\/api.w.org\/{rel}","templated":true}]}}