{"id":2037,"date":"2009-03-31T23:59:16","date_gmt":"2009-03-31T22:59:16","guid":{"rendered":"http:\/\/jlggb.net\/blog\/?p=2037"},"modified":"2010-01-30T22:21:58","modified_gmt":"2010-01-30T22:21:58","slug":"la-vie-des-vitrines","status":"publish","type":"post","link":"http:\/\/jlggb.net\/blog\/?p=2037","title":{"rendered":"La vie des vitrines"},"content":{"rendered":"<p><a href=\"http:\/\/jlggb.net\/blog\/wp-content\/uploads\/2009\/04\/ex-adam.jpg\" data-rel=\"lightbox-image-0\" data-imagelightbox=\"0\" data-rl_title=\"\" data-rl_caption=\"\"><img loading=\"lazy\" decoding=\"async\" class=\"alignnone size-full wp-image-2039\" title=\"\" src=\"http:\/\/jlggb.net\/blog\/wp-content\/uploads\/2009\/04\/ex-adam.jpg\" alt=\"ex-adam\" width=\"640\" height=\"480\" srcset=\"http:\/\/jlggb.net\/blog\/wp-content\/uploads\/2009\/04\/ex-adam.jpg 1024w, http:\/\/jlggb.net\/blog\/wp-content\/uploads\/2009\/04\/ex-adam-200x150.jpg 200w, http:\/\/jlggb.net\/blog\/wp-content\/uploads\/2009\/04\/ex-adam-500x375.jpg 500w\" sizes=\"auto, (max-width: 640px) 100vw, 640px\" \/><\/a><br \/>\n<a href=\"http:\/\/jlggb.net\/blog\/wp-content\/uploads\/2009\/04\/aglo-adam.jpg\" data-rel=\"lightbox-image-1\" data-imagelightbox=\"1\" data-rl_title=\"\" data-rl_caption=\"\"><img loading=\"lazy\" decoding=\"async\" class=\"alignnone size-full wp-image-2040\" title=\"\" src=\"http:\/\/jlggb.net\/blog\/wp-content\/uploads\/2009\/04\/aglo-adam.jpg\" alt=\"aglo-adam\" width=\"640\" height=\"480\" srcset=\"http:\/\/jlggb.net\/blog\/wp-content\/uploads\/2009\/04\/aglo-adam.jpg 1024w, http:\/\/jlggb.net\/blog\/wp-content\/uploads\/2009\/04\/aglo-adam-200x150.jpg 200w, http:\/\/jlggb.net\/blog\/wp-content\/uploads\/2009\/04\/aglo-adam-500x375.jpg 500w\" sizes=\"auto, (max-width: 640px) 100vw, 640px\" \/><\/a><br \/>\nLe chemisier Adam, rue du Casino \u00e0 Aix-les-Bains, \u00e9tait rest\u00e9 tel quel depuis 50 ans et c&rsquo;\u00e9tait <a href=\"http:\/\/jlggb.net\/blog\/?p=792\" target=\"_self\">un lieu d&rsquo;hommage \u00e0 Roland Barthes<\/a>. Mais ses jours \u00e9taient compt\u00e9s. Depuis mars 2009, c&rsquo;est la fin. Lundi 30 mars 2009, 15h26.<\/p>\n<p><a href=\"http:\/\/jlggb.net\/blog\/wp-content\/uploads\/2009\/04\/boutique-bureau.jpg\" data-rel=\"lightbox-image-2\" data-imagelightbox=\"2\" data-rl_title=\"\" data-rl_caption=\"\"><img loading=\"lazy\" decoding=\"async\" class=\"alignnone size-full wp-image-2041\" title=\"\" src=\"http:\/\/jlggb.net\/blog\/wp-content\/uploads\/2009\/04\/boutique-bureau.jpg\" alt=\"boutique-bureau\" width=\"640\" height=\"480\" srcset=\"http:\/\/jlggb.net\/blog\/wp-content\/uploads\/2009\/04\/boutique-bureau.jpg 1024w, http:\/\/jlggb.net\/blog\/wp-content\/uploads\/2009\/04\/boutique-bureau-200x150.jpg 200w, http:\/\/jlggb.net\/blog\/wp-content\/uploads\/2009\/04\/boutique-bureau-500x375.jpg 500w\" sizes=\"auto, (max-width: 640px) 100vw, 640px\" \/><\/a><br \/>\nUn peu plus loin, rue Claude de Seyssel, la transformation d&rsquo;un magasin en bureau a sauv\u00e9 provisoirement la vitrine \u2014 tr\u00e8s pure \u2014 d&rsquo;un magasin de mode. Pour mettre un magasin \u00e0 la retraite, lui effacer son enseigne. Lundi 30 mars 2009, 15h14.<\/p>\n","protected":false},"excerpt":{"rendered":"<p>Le chemisier Adam, rue du Casino \u00e0 Aix-les-Bains, \u00e9tait rest\u00e9 tel quel depuis 50 ans et c&rsquo;\u00e9tait un lieu d&rsquo;hommage \u00e0 Roland Barthes. Mais ses jours \u00e9taient compt\u00e9s. Depuis mars 2009, c&rsquo;est la fin. Lundi 30 mars 2009, 15h26. Un peu plus loin, rue Claude de Seyssel, la transformation d&rsquo;un magasin en bureau a sauv\u00e9 &hellip; <a href=\"http:\/\/jlggb.net\/blog\/?p=2037\" class=\"more-link\">Continuer la lecture de <span class=\"screen-reader-text\">La vie des vitrines<\/span><\/a><\/p>\n","protected":false},"author":2,"featured_media":0,"comment_status":"closed","ping_status":"closed","sticky":false,"template":"","format":"standard","meta":{"footnotes":""},"categories":[18,46,19],"tags":[57,410,353],"class_list":["post-2037","post","type-post","status-publish","format-standard","hentry","category-architecture","category-monument","category-ville","tag-aix-les-bains","tag-devanture","tag-vitrine"],"_links":{"self":[{"href":"http:\/\/jlggb.net\/blog\/index.php?rest_route=\/wp\/v2\/posts\/2037","targetHints":{"allow":["GET"]}}],"collection":[{"href":"http:\/\/jlggb.net\/blog\/index.php?rest_route=\/wp\/v2\/posts"}],"about":[{"href":"http:\/\/jlggb.net\/blog\/index.php?rest_route=\/wp\/v2\/types\/post"}],"author":[{"embeddable":true,"href":"http:\/\/jlggb.net\/blog\/index.php?rest_route=\/wp\/v2\/users\/2"}],"replies":[{"embeddable":true,"href":"http:\/\/jlggb.net\/blog\/index.php?rest_route=%2Fwp%2Fv2%2Fcomments&post=2037"}],"version-history":[{"count":0,"href":"http:\/\/jlggb.net\/blog\/index.php?rest_route=\/wp\/v2\/posts\/2037\/revisions"}],"wp:attachment":[{"href":"http:\/\/jlggb.net\/blog\/index.php?rest_route=%2Fwp%2Fv2%2Fmedia&parent=2037"}],"wp:term":[{"taxonomy":"category","embeddable":true,"href":"http:\/\/jlggb.net\/blog\/index.php?rest_route=%2Fwp%2Fv2%2Fcategories&post=2037"},{"taxonomy":"post_tag","embeddable":true,"href":"http:\/\/jlggb.net\/blog\/index.php?rest_route=%2Fwp%2Fv2%2Ftags&post=2037"}],"curies":[{"name":"wp","href":"https:\/\/api.w.org\/{rel}","templated":true}]}}