{"id":1895,"date":"2009-03-22T22:22:42","date_gmt":"2009-03-22T22:22:42","guid":{"rendered":"http:\/\/jlggb.net\/blog\/?p=1895"},"modified":"2011-05-28T17:29:31","modified_gmt":"2011-05-28T15:29:31","slug":"vincennes","status":"publish","type":"post","link":"http:\/\/jlggb.net\/blog\/?p=1895","title":{"rendered":"Frank Popper"},"content":{"rendered":"<p><a href=\"http:\/\/jlggb.net\/blog\/wp-content\/uploads\/2009\/03\/frank-popper-1983.jpg\" data-rel=\"lightbox-image-0\" data-imagelightbox=\"0\" data-rl_title=\"\" data-rl_caption=\"\"><img loading=\"lazy\" decoding=\"async\" class=\"alignnone size-full wp-image-1896\" title=\"\" src=\"http:\/\/jlggb.net\/blog\/wp-content\/uploads\/2009\/03\/frank-popper-1983.jpg\" alt=\"frank-popper-1983\" width=\"640\" height=\"426\" srcset=\"http:\/\/jlggb.net\/blog\/wp-content\/uploads\/2009\/03\/frank-popper-1983.jpg 1024w, http:\/\/jlggb.net\/blog\/wp-content\/uploads\/2009\/03\/frank-popper-1983-200x133.jpg 200w, http:\/\/jlggb.net\/blog\/wp-content\/uploads\/2009\/03\/frank-popper-1983-500x333.jpg 500w\" sizes=\"auto, (max-width: 640px) 100vw, 640px\" \/><\/a><\/p>\n<p>Le livre <em>Vincennes. Une aventure de la  pens\u00e9e critique<\/em>, sous la direction de Jean-Michel Djian, Flammarion, qui vient de para\u00eetre, publie, pour accompagner un texte de Pascal Bonafoux, cette photo de Frank Popper. Elle a \u00e9t\u00e9 prise le 6 octobre 1983 (date inscrite sur la pellicule) dans le bureau de la directrice du Mus\u00e9e d&rsquo;art moderne de la Ville de Paris, Bernadette Contensou, deux mois avant l&rsquo;ouverture de l&rsquo;exposition <em>Electra<\/em> dont Popper \u00e9tait le concepteur, pour figurer dans le catalogue de cette\u00a0 exposition (<a href=\"http:\/\/jlggb.net\/blog\/?p=1498\" target=\"_self\">voir le 05.03.2009<\/a>). Le tirage, scann\u00e9 et l\u00e9g\u00e8rement retouch\u00e9, est d&rsquo;\u00e9poque, y compris le contour aux angles arrondis.<\/p>\n<p>Frank Popper, n\u00e9 en 1918 \u00e0 Prague, \u00e9duqu\u00e9 \u00e0 Vienne, exil\u00e9 en Angleterre en 1938, puis \u00e0 Rome, devient \u00e0 Paris l&rsquo;historien et le th\u00e9oricien de l&rsquo;art cin\u00e9tique dans les ann\u00e9es 60 puis le directeur du d\u00e9partement d&rsquo;arts plastiques de l&rsquo;Universit\u00e9 Paris 8 &#8211; Vincennes en 1969, jusqu&rsquo;en 1983.<\/p>\n<blockquote><p>\n<a href=\"http:\/\/jlggb.net\/blog\/wp-content\/uploads\/2009\/03\/popper_19022008_450.jpg\" data-rel=\"lightbox-image-1\" data-imagelightbox=\"1\" data-rl_title=\"\" data-rl_caption=\"\"><img loading=\"lazy\" decoding=\"async\" class=\"size-full wp-image-1897\" title=\"\" src=\"http:\/\/jlggb.net\/blog\/wp-content\/uploads\/2009\/03\/popper_19022008_450.jpg\" alt=\"popper_19022008_450\" width=\"200\" height=\"150\" srcset=\"http:\/\/jlggb.net\/blog\/wp-content\/uploads\/2009\/03\/popper_19022008_450.jpg 450w, http:\/\/jlggb.net\/blog\/wp-content\/uploads\/2009\/03\/popper_19022008_450-199x150.jpg 199w\" sizes=\"auto, (max-width: 200px) 100vw, 200px\" \/><\/a><br \/>\nFrank Popper, le 19 f\u00e9vrier 2008, lors d&rsquo;une conf\u00e9rence \u00e0 l&rsquo;Inha.<\/p>\n<p><a href=\"http:\/\/jlggb.net\/blog\/wp-content\/uploads\/2009\/03\/vincennes.jpg\" data-rel=\"lightbox-image-2\" data-imagelightbox=\"2\" data-rl_title=\"\" data-rl_caption=\"\"><img loading=\"lazy\" decoding=\"async\" class=\"alignnone size-full wp-image-1899\" title=\"\" src=\"http:\/\/jlggb.net\/blog\/wp-content\/uploads\/2009\/03\/vincennes.jpg\" alt=\"vincennes\" width=\"200\" height=\"246\" srcset=\"http:\/\/jlggb.net\/blog\/wp-content\/uploads\/2009\/03\/vincennes.jpg 402w, http:\/\/jlggb.net\/blog\/wp-content\/uploads\/2009\/03\/vincennes-122x150.jpg 122w, http:\/\/jlggb.net\/blog\/wp-content\/uploads\/2009\/03\/vincennes-305x375.jpg 305w\" sizes=\"auto, (max-width: 200px) 100vw, 200px\" \/><\/a><a href=\"http:\/\/editions.flammarion.com\/Albums_Detail.cfm?ID=35155&amp;levelCode=sciences\" target=\"_blank\"><em><br \/>\nVincennes. Une aventure de la  pens\u00e9e critique<\/em><\/a>, sous la direction de Jean-Michel Djian, Flammarion, 2009<a href=\"http:\/\/editions.flammarion.com\/Albums_Detail.cfm?ID=35155&amp;levelCode=sciences\" target=\"_blank\"><br \/>\n<\/a><\/p>\n<p style=\"text-align: left;\"><a href=\"http:\/\/www.klincksieck.com\/livre\/?GCOI=22520100385200&amp;fa=author&amp;person_id=158\" target=\"_blank\"><img loading=\"lazy\" decoding=\"async\" class=\"alignnone size-full wp-image-7139\" title=\"popper-dallier\" src=\"http:\/\/jlggb.net\/blog\/wp-content\/uploads\/2009\/03\/popper-dallier.png\" alt=\"\" width=\"180\" height=\"263\" srcset=\"http:\/\/jlggb.net\/blog\/wp-content\/uploads\/2009\/03\/popper-dallier.png 180w, http:\/\/jlggb.net\/blog\/wp-content\/uploads\/2009\/03\/popper-dallier-102x150.png 102w\" sizes=\"auto, (max-width: 180px) 100vw, 180px\" \/><\/a><br \/>\nL&rsquo;ouvrage autobiographique de Frank Popper (avec Aline Dallier)&nbsp;: <a href=\"http:\/\/www.klincksieck.com\/livre\/?GCOI=22520100385200&amp;fa=author&amp;person_id=158\" target=\"_blank\"><em>R\u00e9flexions sur l&rsquo;exil, l&rsquo;art et l&rsquo;Europe<\/em><\/a>, Klincksieck, 1999.<\/p>\n<\/blockquote>\n<p style=\"text-align: center;\">&nbsp;<\/p>\n","protected":false},"excerpt":{"rendered":"<p>Le livre Vincennes. Une aventure de la pens\u00e9e critique, sous la direction de Jean-Michel Djian, Flammarion, qui vient de para\u00eetre, publie, pour accompagner un texte de Pascal Bonafoux, cette photo de Frank Popper. Elle a \u00e9t\u00e9 prise le 6 octobre 1983 (date inscrite sur la pellicule) dans le bureau de la directrice du Mus\u00e9e d&rsquo;art &hellip; <a href=\"http:\/\/jlggb.net\/blog\/?p=1895\" class=\"more-link\">Continuer la lecture de <span class=\"screen-reader-text\">Frank Popper<\/span><\/a><\/p>\n","protected":false},"author":2,"featured_media":0,"comment_status":"closed","ping_status":"closed","sticky":false,"template":"","format":"standard","meta":{"footnotes":""},"categories":[10,25,20],"tags":[317,346,53,54],"class_list":["post-1895","post","type-post","status-publish","format-standard","hentry","category-livre-2","category-personne","category-universite-et-ecole","tag-electra","tag-frank-popper","tag-universite-paris-8","tag-vincennes"],"_links":{"self":[{"href":"http:\/\/jlggb.net\/blog\/index.php?rest_route=\/wp\/v2\/posts\/1895","targetHints":{"allow":["GET"]}}],"collection":[{"href":"http:\/\/jlggb.net\/blog\/index.php?rest_route=\/wp\/v2\/posts"}],"about":[{"href":"http:\/\/jlggb.net\/blog\/index.php?rest_route=\/wp\/v2\/types\/post"}],"author":[{"embeddable":true,"href":"http:\/\/jlggb.net\/blog\/index.php?rest_route=\/wp\/v2\/users\/2"}],"replies":[{"embeddable":true,"href":"http:\/\/jlggb.net\/blog\/index.php?rest_route=%2Fwp%2Fv2%2Fcomments&post=1895"}],"version-history":[{"count":0,"href":"http:\/\/jlggb.net\/blog\/index.php?rest_route=\/wp\/v2\/posts\/1895\/revisions"}],"wp:attachment":[{"href":"http:\/\/jlggb.net\/blog\/index.php?rest_route=%2Fwp%2Fv2%2Fmedia&parent=1895"}],"wp:term":[{"taxonomy":"category","embeddable":true,"href":"http:\/\/jlggb.net\/blog\/index.php?rest_route=%2Fwp%2Fv2%2Fcategories&post=1895"},{"taxonomy":"post_tag","embeddable":true,"href":"http:\/\/jlggb.net\/blog\/index.php?rest_route=%2Fwp%2Fv2%2Ftags&post=1895"}],"curies":[{"name":"wp","href":"https:\/\/api.w.org\/{rel}","templated":true}]}}