{"id":1845,"date":"2009-03-20T22:00:02","date_gmt":"2009-03-20T22:00:02","guid":{"rendered":"http:\/\/jlggb.net\/blog\/?p=1845"},"modified":"2010-12-23T15:24:52","modified_gmt":"2010-12-23T11:54:52","slug":"inventaire-200603","status":"publish","type":"post","link":"http:\/\/jlggb.net\/blog\/?p=1845","title":{"rendered":"Inventaire : 2006.0.3"},"content":{"rendered":"<p><a href=\"http:\/\/jlggb.net\/blog\/wp-content\/uploads\/2009\/03\/mmts_annecy_31.jpg\" data-rel=\"lightbox-image-0\" data-imagelightbox=\"0\" data-rl_title=\"\" data-rl_caption=\"\"><img loading=\"lazy\" decoding=\"async\" class=\"alignnone size-full wp-image-1846\" title=\"\" src=\"http:\/\/jlggb.net\/blog\/wp-content\/uploads\/2009\/03\/mmts_annecy_31.jpg\" alt=\"mmts_annecy_31\" width=\"640\" height=\"480\" srcset=\"http:\/\/jlggb.net\/blog\/wp-content\/uploads\/2009\/03\/mmts_annecy_31.jpg 1024w, http:\/\/jlggb.net\/blog\/wp-content\/uploads\/2009\/03\/mmts_annecy_31-200x150.jpg 200w, http:\/\/jlggb.net\/blog\/wp-content\/uploads\/2009\/03\/mmts_annecy_31-500x375.jpg 500w\" sizes=\"auto, (max-width: 640px) 100vw, 640px\" \/><\/a><br \/>\n<a href=\"http:\/\/jlggb.net\/blog\/wp-content\/uploads\/2009\/03\/mmts_annecy_1b.jpg\" data-rel=\"lightbox-image-1\" data-imagelightbox=\"1\" data-rl_title=\"\" data-rl_caption=\"\"><img loading=\"lazy\" decoding=\"async\" class=\"alignnone size-full wp-image-1847\" title=\"\" src=\"http:\/\/jlggb.net\/blog\/wp-content\/uploads\/2009\/03\/mmts_annecy_1b.jpg\" alt=\"mmts_annecy_1b\" width=\"640\" height=\"480\" srcset=\"http:\/\/jlggb.net\/blog\/wp-content\/uploads\/2009\/03\/mmts_annecy_1b.jpg 1024w, http:\/\/jlggb.net\/blog\/wp-content\/uploads\/2009\/03\/mmts_annecy_1b-200x150.jpg 200w, http:\/\/jlggb.net\/blog\/wp-content\/uploads\/2009\/03\/mmts_annecy_1b-500x375.jpg 500w\" sizes=\"auto, (max-width: 640px) 100vw, 640px\" \/><\/a><br \/>\nAnnecy, Mus\u00e9e-Ch\u00e2teau, salle \u00ab L&rsquo;Escale \u00bb, depuis le 15 novembre 2008, J.-L.B., <em>Moments de Jean-Jacques Rousseau<\/em>, installation vid\u00e9o-interactive, 2000, nouvelle version, 2008, collection Mus\u00e9e-Ch\u00e2teau, inventaire&nbsp;: 2006.0.3; table d&rsquo;apr\u00e8s Enzo Mari, <em>Autoprogettazione<\/em>, dessins, 1974; Enzo Mari, <em>Mariolina<\/em>, chaises, Magis, 2002; Naoto Fukasawa, <em>Itis<\/em>, lampe, Artemide, 2007; Jonathan Ives, designer, <em>Apple MacMini<\/em>, ordinateur, 2005 et <em>Wireless Mighty Mouse<\/em>, souris, 2005; Jean-Jacques Rousseau, <em>\u0152uvres compl\u00e8tes<\/em>, tome 1, La Pl\u00e9iade; Jean-Jacques Rousseau, <em>\u00c9mile<\/em>, Folio; Camille Roqueplan, <em>Jean-Jacques Rousseau cueillant des cerises<\/em>, aquarelle, 1836. Commissaire&nbsp;: Juliette S.<\/p>\n<p>Photos prises le 20 mars 2009, 15h30-17h00.<\/p>\n<p><a href=\"http:\/\/jlggb.net\/blog\/?p=3236\" target=\"_self\">Voir aussi le billet \u00ab L&rsquo;idylle des cerises \u00bb dans Le blog d&rsquo;avant le blog, 14 juin 2002.<\/a><\/p>\n","protected":false},"excerpt":{"rendered":"<p>Annecy, Mus\u00e9e-Ch\u00e2teau, salle \u00ab L&rsquo;Escale \u00bb, depuis le 15 novembre 2008, J.-L.B., Moments de Jean-Jacques Rousseau, installation vid\u00e9o-interactive, 2000, nouvelle version, 2008, collection Mus\u00e9e-Ch\u00e2teau, inventaire&nbsp;: 2006.0.3; table d&rsquo;apr\u00e8s Enzo Mari, Autoprogettazione, dessins, 1974; Enzo Mari, Mariolina, chaises, Magis, 2002; Naoto Fukasawa, Itis, lampe, Artemide, 2007; Jonathan Ives, designer, Apple MacMini, ordinateur, 2005 et Wireless Mighty &hellip; <a href=\"http:\/\/jlggb.net\/blog\/?p=1845\" class=\"more-link\">Continuer la lecture de <span class=\"screen-reader-text\">Inventaire : 2006.0.3<\/span><\/a><\/p>\n","protected":false},"author":2,"featured_media":0,"comment_status":"closed","ping_status":"closed","sticky":false,"template":"","format":"standard","meta":{"footnotes":""},"categories":[39,17,9],"tags":[249,162,344,345],"class_list":["post-1845","post","type-post","status-publish","format-standard","hentry","category-collection","category-design","category-exposition","tag-enzo-mari","tag-fukasawa","tag-jean-jacques-rousseau","tag-musee-chateau-annecy"],"_links":{"self":[{"href":"http:\/\/jlggb.net\/blog\/index.php?rest_route=\/wp\/v2\/posts\/1845","targetHints":{"allow":["GET"]}}],"collection":[{"href":"http:\/\/jlggb.net\/blog\/index.php?rest_route=\/wp\/v2\/posts"}],"about":[{"href":"http:\/\/jlggb.net\/blog\/index.php?rest_route=\/wp\/v2\/types\/post"}],"author":[{"embeddable":true,"href":"http:\/\/jlggb.net\/blog\/index.php?rest_route=\/wp\/v2\/users\/2"}],"replies":[{"embeddable":true,"href":"http:\/\/jlggb.net\/blog\/index.php?rest_route=%2Fwp%2Fv2%2Fcomments&post=1845"}],"version-history":[{"count":0,"href":"http:\/\/jlggb.net\/blog\/index.php?rest_route=\/wp\/v2\/posts\/1845\/revisions"}],"wp:attachment":[{"href":"http:\/\/jlggb.net\/blog\/index.php?rest_route=%2Fwp%2Fv2%2Fmedia&parent=1845"}],"wp:term":[{"taxonomy":"category","embeddable":true,"href":"http:\/\/jlggb.net\/blog\/index.php?rest_route=%2Fwp%2Fv2%2Fcategories&post=1845"},{"taxonomy":"post_tag","embeddable":true,"href":"http:\/\/jlggb.net\/blog\/index.php?rest_route=%2Fwp%2Fv2%2Ftags&post=1845"}],"curies":[{"name":"wp","href":"https:\/\/api.w.org\/{rel}","templated":true}]}}