{"id":1578,"date":"2009-01-24T23:58:16","date_gmt":"2009-01-24T23:58:16","guid":{"rendered":"http:\/\/jlggb.net\/blog\/?p=1578"},"modified":"2010-03-21T10:01:12","modified_gmt":"2010-03-21T10:01:12","slug":"jungfrau","status":"publish","type":"post","link":"http:\/\/jlggb.net\/blog\/?p=1578","title":{"rendered":"La Vierge au savon"},"content":{"rendered":"<p><a href=\"http:\/\/jlggb.net\/blog\/wp-content\/uploads\/2009\/03\/basisraum_1.jpg\" data-rel=\"lightbox-image-0\" data-imagelightbox=\"0\" data-rl_title=\"\" data-rl_caption=\"\"><img loading=\"lazy\" decoding=\"async\" class=\"alignnone size-full wp-image-1582\" title=\"\" src=\"http:\/\/jlggb.net\/blog\/wp-content\/uploads\/2009\/03\/basisraum_1.jpg\" alt=\"basisraum_1\" width=\"640\" height=\"480\" srcset=\"http:\/\/jlggb.net\/blog\/wp-content\/uploads\/2009\/03\/basisraum_1.jpg 1024w, http:\/\/jlggb.net\/blog\/wp-content\/uploads\/2009\/03\/basisraum_1-200x150.jpg 200w, http:\/\/jlggb.net\/blog\/wp-content\/uploads\/2009\/03\/basisraum_1-500x375.jpg 500w\" sizes=\"auto, (max-width: 640px) 100vw, 640px\" \/><\/a><br \/>\n<a href=\"http:\/\/jlggb.net\/blog\/wp-content\/uploads\/2009\/03\/basisraum_2.jpg\" data-rel=\"lightbox-image-1\" data-imagelightbox=\"1\" data-rl_title=\"\" data-rl_caption=\"\"><img loading=\"lazy\" decoding=\"async\" class=\"alignnone size-full wp-image-1583\" title=\"\" src=\"http:\/\/jlggb.net\/blog\/wp-content\/uploads\/2009\/03\/basisraum_2.jpg\" alt=\"basisraum_2\" width=\"640\" height=\"480\" srcset=\"http:\/\/jlggb.net\/blog\/wp-content\/uploads\/2009\/03\/basisraum_2.jpg 1024w, http:\/\/jlggb.net\/blog\/wp-content\/uploads\/2009\/03\/basisraum_2-200x150.jpg 200w, http:\/\/jlggb.net\/blog\/wp-content\/uploads\/2009\/03\/basisraum_2-500x375.jpg 500w\" sizes=\"auto, (max-width: 640px) 100vw, 640px\" \/><\/a><br \/>\n<a href=\"http:\/\/jlggb.net\/blog\/wp-content\/uploads\/2009\/03\/basisraum_3.jpg\" data-rel=\"lightbox-image-2\" data-imagelightbox=\"2\" data-rl_title=\"\" data-rl_caption=\"\"><img loading=\"lazy\" decoding=\"async\" class=\"alignnone size-full wp-image-1584\" title=\"\" src=\"http:\/\/jlggb.net\/blog\/wp-content\/uploads\/2009\/03\/basisraum_3.jpg\" alt=\"basisraum_3\" width=\"640\" height=\"480\" srcset=\"http:\/\/jlggb.net\/blog\/wp-content\/uploads\/2009\/03\/basisraum_3.jpg 1024w, http:\/\/jlggb.net\/blog\/wp-content\/uploads\/2009\/03\/basisraum_3-200x150.jpg 200w, http:\/\/jlggb.net\/blog\/wp-content\/uploads\/2009\/03\/basisraum_3-500x375.jpg 500w\" sizes=\"auto, (max-width: 640px) 100vw, 640px\" \/><\/a><br \/>\nBerlin, Hamburger Bahnhof, samedi 24 janvier 2009, 20h, r\u00e9trospective Beuys <em>Die Revolution sind wir <\/em>: <em>Basisraum Nasse W\u00e4sche (Jungfrau)<\/em>, environnement, 1979. Le cartel dit qu&rsquo;au d\u00e9but de l&rsquo;ann\u00e9e 1979 Beuys a vu le palais Liechtenstein de Vienne qui devait accueillir la collection du mus\u00e9e d&rsquo;art moderne et qu&rsquo;il en est arriv\u00e9 \u00e0 la conclusion que les salles n&rsquo;\u00e9taient bonnes qu&rsquo;\u00e0 \u00e9tendre le linge. \u00c0 partir de l\u00e0, la pi\u00e8ce qu&rsquo;il a produite th\u00e9matise une interrelation complexe entre un processus \u00e9conomique \u00e0 r\u00e9former, une purification alchimique et mentale et la Junfrau (vierge).<\/p>\n<p style=\"text-align: center;\"><img loading=\"lazy\" decoding=\"async\" class=\"size-full wp-image-1580 aligncenter\" title=\"100jahre_beuys\" src=\"http:\/\/jlggb.net\/blog\/wp-content\/uploads\/2009\/03\/100jahre_beuys.jpg\" alt=\"100jahre_beuys\" width=\"150\" height=\"225\" \/><\/p>\n<p style=\"text-align: center;\">Joseph Beuys lors de la construction de l&rsquo;installation <em>Jungfrau Basisraum Nasse W\u00e4sche,<\/em><br \/>\n4e Internationale Graphikbiennale der Wiener Secession, 1979. Photo&nbsp;: Hans Nevidal, \u00a9 VBK, Wien.<\/p>\n","protected":false},"excerpt":{"rendered":"<p>Berlin, Hamburger Bahnhof, samedi 24 janvier 2009, 20h, r\u00e9trospective Beuys Die Revolution sind wir : Basisraum Nasse W\u00e4sche (Jungfrau), environnement, 1979. Le cartel dit qu&rsquo;au d\u00e9but de l&rsquo;ann\u00e9e 1979 Beuys a vu le palais Liechtenstein de Vienne qui devait accueillir la collection du mus\u00e9e d&rsquo;art moderne et qu&rsquo;il en est arriv\u00e9 \u00e0 la conclusion que &hellip; <a href=\"http:\/\/jlggb.net\/blog\/?p=1578\" class=\"more-link\">Continuer la lecture de <span class=\"screen-reader-text\">La Vierge au savon<\/span><\/a><\/p>\n","protected":false},"author":2,"featured_media":0,"comment_status":"closed","ping_status":"closed","sticky":false,"template":"","format":"standard","meta":{"footnotes":""},"categories":[51,9],"tags":[78,322,323],"class_list":["post-1578","post","type-post","status-publish","format-standard","hentry","category-couleur","category-exposition","tag-berlin","tag-beuys","tag-jungfrau"],"_links":{"self":[{"href":"http:\/\/jlggb.net\/blog\/index.php?rest_route=\/wp\/v2\/posts\/1578","targetHints":{"allow":["GET"]}}],"collection":[{"href":"http:\/\/jlggb.net\/blog\/index.php?rest_route=\/wp\/v2\/posts"}],"about":[{"href":"http:\/\/jlggb.net\/blog\/index.php?rest_route=\/wp\/v2\/types\/post"}],"author":[{"embeddable":true,"href":"http:\/\/jlggb.net\/blog\/index.php?rest_route=\/wp\/v2\/users\/2"}],"replies":[{"embeddable":true,"href":"http:\/\/jlggb.net\/blog\/index.php?rest_route=%2Fwp%2Fv2%2Fcomments&post=1578"}],"version-history":[{"count":0,"href":"http:\/\/jlggb.net\/blog\/index.php?rest_route=\/wp\/v2\/posts\/1578\/revisions"}],"wp:attachment":[{"href":"http:\/\/jlggb.net\/blog\/index.php?rest_route=%2Fwp%2Fv2%2Fmedia&parent=1578"}],"wp:term":[{"taxonomy":"category","embeddable":true,"href":"http:\/\/jlggb.net\/blog\/index.php?rest_route=%2Fwp%2Fv2%2Fcategories&post=1578"},{"taxonomy":"post_tag","embeddable":true,"href":"http:\/\/jlggb.net\/blog\/index.php?rest_route=%2Fwp%2Fv2%2Ftags&post=1578"}],"curies":[{"name":"wp","href":"https:\/\/api.w.org\/{rel}","templated":true}]}}