{"id":146,"date":"2008-01-13T15:00:46","date_gmt":"2008-01-13T13:00:46","guid":{"rendered":"http:\/\/jlggb.net\/blog\/?p=146"},"modified":"2025-10-06T21:52:04","modified_gmt":"2025-10-06T19:52:04","slug":"ecrans-tactiles","status":"publish","type":"post","link":"http:\/\/jlggb.net\/blog\/?p=146","title":{"rendered":"\u00c9crans tactiles"},"content":{"rendered":"<p><a title=\"\" href=\"http:\/\/jlggb.net\/blog\/wp-content\/uploads\/2008\/01\/13012008_cite_2.jpg\" data-rel=\"lightbox-image-0\" data-imagelightbox=\"0\" data-rl_title=\"\" data-rl_caption=\"\"><img loading=\"lazy\" decoding=\"async\" src=\"http:\/\/jlggb.net\/blog\/wp-content\/uploads\/2008\/01\/13012008_cite_2.jpg\" alt=\"13012008_cite_2.jpg\" width=\"640\" height=\"480\" \/><\/a><br \/>\n<a title=\"\" href=\"http:\/\/jlggb.net\/blog\/wp-content\/uploads\/2008\/01\/13012008_cite_1.jpg\" data-rel=\"lightbox-image-1\" data-imagelightbox=\"1\" data-rl_title=\"\" data-rl_caption=\"\"><img loading=\"lazy\" decoding=\"async\" src=\"http:\/\/jlggb.net\/blog\/wp-content\/uploads\/2008\/01\/13012008_cite_1.jpg\" alt=\"13012008_cite_1.jpg\" width=\"640\" height=\"480\" \/><\/a><br \/>\n<a title=\"\" href=\"http:\/\/jlggb.net\/blog\/wp-content\/uploads\/2008\/01\/13012008_cite_table.jpg\" data-rel=\"lightbox-image-2\" data-imagelightbox=\"2\" data-rl_title=\"\" data-rl_caption=\"\"><img loading=\"lazy\" decoding=\"async\" src=\"http:\/\/jlggb.net\/blog\/wp-content\/uploads\/2008\/01\/13012008_cite_table.jpg\" alt=\"13012008_cite_table.jpg\" width=\"640\" height=\"480\" \/><\/a><br \/>\nDimanche 13 janvier 2008, 15h, <a title=\"Cit\u00e9\" href=\"http:\/\/www.citechaillot.fr\/index.php\" target=\"_blank\" rel=\"noopener\">Cit\u00e9 de l&rsquo;Architecture et du patrimoine<\/a>, Palais de Chaillot, Paris, 16e. Dans la caf\u00e9t\u00e9ria, une grande table avec 8 \u00e9crans tactiles sur des bras articul\u00e9s. Pour une fois, \u00e7a marche tr\u00e8s bien. Impressionnantes, les suspensions de <a href=\"http:\/\/www.ingo-maurer.com\/splash.html\" target=\"_blank\" rel=\"noopener\">Ingo Maurer<\/a>, XXL Dome.<\/p>\n","protected":false},"excerpt":{"rendered":"<p>Dimanche 13 janvier 2008, 15h, Cit\u00e9 de l&rsquo;Architecture et du patrimoine, Palais de Chaillot, Paris, 16e. Dans la caf\u00e9t\u00e9ria, une grande table avec 8 \u00e9crans tactiles sur des bras articul\u00e9s. Pour une fois, \u00e7a marche tr\u00e8s bien. Impressionnantes, les suspensions de Ingo Maurer, XXL Dome.<\/p>\n","protected":false},"author":2,"featured_media":0,"comment_status":"closed","ping_status":"closed","sticky":false,"template":"","format":"standard","meta":{"footnotes":""},"categories":[51,17,9,38,13],"tags":[829,834,70,135,69,68,71,72,827],"class_list":["post-146","post","type-post","status-publish","format-standard","hentry","category-couleur","category-design","category-exposition","category-objet","category-visite","tag-architecture","tag-collection","tag-consultation","tag-ingo-maurer","tag-interactivite","tag-musee","tag-rouge","tag-tactile","tag-visite"],"_links":{"self":[{"href":"http:\/\/jlggb.net\/blog\/index.php?rest_route=\/wp\/v2\/posts\/146","targetHints":{"allow":["GET"]}}],"collection":[{"href":"http:\/\/jlggb.net\/blog\/index.php?rest_route=\/wp\/v2\/posts"}],"about":[{"href":"http:\/\/jlggb.net\/blog\/index.php?rest_route=\/wp\/v2\/types\/post"}],"author":[{"embeddable":true,"href":"http:\/\/jlggb.net\/blog\/index.php?rest_route=\/wp\/v2\/users\/2"}],"replies":[{"embeddable":true,"href":"http:\/\/jlggb.net\/blog\/index.php?rest_route=%2Fwp%2Fv2%2Fcomments&post=146"}],"version-history":[{"count":4,"href":"http:\/\/jlggb.net\/blog\/index.php?rest_route=\/wp\/v2\/posts\/146\/revisions"}],"predecessor-version":[{"id":8147,"href":"http:\/\/jlggb.net\/blog\/index.php?rest_route=\/wp\/v2\/posts\/146\/revisions\/8147"}],"wp:attachment":[{"href":"http:\/\/jlggb.net\/blog\/index.php?rest_route=%2Fwp%2Fv2%2Fmedia&parent=146"}],"wp:term":[{"taxonomy":"category","embeddable":true,"href":"http:\/\/jlggb.net\/blog\/index.php?rest_route=%2Fwp%2Fv2%2Fcategories&post=146"},{"taxonomy":"post_tag","embeddable":true,"href":"http:\/\/jlggb.net\/blog\/index.php?rest_route=%2Fwp%2Fv2%2Ftags&post=146"}],"curies":[{"name":"wp","href":"https:\/\/api.w.org\/{rel}","templated":true}]}}