{"id":1424,"date":"2009-02-28T23:36:53","date_gmt":"2009-02-28T23:36:53","guid":{"rendered":"http:\/\/jlggb.net\/blog\/?p=1424"},"modified":"2010-03-21T10:07:14","modified_gmt":"2010-03-21T10:07:14","slug":"rouge-de-savoie","status":"publish","type":"post","link":"http:\/\/jlggb.net\/blog\/?p=1424","title":{"rendered":"Rouge de Savoie"},"content":{"rendered":"<p><a href=\"http:\/\/jlggb.net\/blog\/wp-content\/uploads\/2009\/02\/gamay.jpg\" data-rel=\"lightbox-image-0\" data-imagelightbox=\"0\" data-rl_title=\"\" data-rl_caption=\"\"><img loading=\"lazy\" decoding=\"async\" class=\"alignnone size-full wp-image-1427\" title=\"\" src=\"http:\/\/jlggb.net\/blog\/wp-content\/uploads\/2009\/02\/gamay.jpg\" alt=\"\" width=\"640\" height=\"480\" \/><\/a><br \/>\nOn sait que trois couleurs, <a href=\"http:\/\/jlggb.net\/blog\/?p=836\" target=\"_self\">rouge<\/a>, vert, ocre, ont \u00e9t\u00e9 choisies pour la <a href=\"http:\/\/jlggb.net\/blog\/?p=442\" target=\"_self\">polychromie \u00ab Isaline \u00bb<\/a> (avec le blanc et le gris anthracite). On avait remarqu\u00e9 d\u00e9j\u00e0 que, parmi les vins de Savoie, le Gamay de Chindrieux (ou m\u00eame Chevigneu) \u00e9tait d&rsquo;un rouge tr\u00e8s proche du rouge officiel. V\u00e9rification par la photographie, samedi 28 f\u00e9vrier 2009, 13h, sur le balcon du Nice-Savoie, au soleil.<\/p>\n<p style=\"text-align: center;\"><a href=\"http:\/\/jlggb.net\/blog\/wp-content\/uploads\/2009\/03\/sagaform_eliason.jpg\" data-rel=\"lightbox-image-1\" data-imagelightbox=\"1\" data-rl_title=\"\" data-rl_caption=\"\"><img loading=\"lazy\" decoding=\"async\" class=\"alignnone size-medium wp-image-1452\" title=\"\" src=\"http:\/\/jlggb.net\/blog\/wp-content\/uploads\/2009\/03\/sagaform_eliason.jpg\" alt=\"\" width=\"140\" height=\"140\" \/><\/a><\/p>\n<p style=\"text-align: center;\">Le verre est de la s\u00e9rie<br \/>\n<a href=\"http:\/\/www.sagaform.se\/fileadmin\/pdf\/Sagaform%202008.pdf\" target=\"_blank\">Mangold, Sagaform, Su\u00e8de, designer&nbsp;: Jon Eliason. p.51<\/a>.<\/p>\n","protected":false},"excerpt":{"rendered":"<p>On sait que trois couleurs, rouge, vert, ocre, ont \u00e9t\u00e9 choisies pour la polychromie \u00ab Isaline \u00bb (avec le blanc et le gris anthracite). On avait remarqu\u00e9 d\u00e9j\u00e0 que, parmi les vins de Savoie, le Gamay de Chindrieux (ou m\u00eame Chevigneu) \u00e9tait d&rsquo;un rouge tr\u00e8s proche du rouge officiel. V\u00e9rification par la photographie, samedi 28 &hellip; <a href=\"http:\/\/jlggb.net\/blog\/?p=1424\" class=\"more-link\">Continuer la lecture de <span class=\"screen-reader-text\">Rouge de Savoie<\/span><\/a><\/p>\n","protected":false},"author":2,"featured_media":0,"comment_status":"closed","ping_status":"closed","sticky":false,"template":"","format":"standard","meta":{"footnotes":""},"categories":[51],"tags":[299,71,298],"class_list":["post-1424","post","type-post","status-publish","format-standard","hentry","category-couleur","tag-gamay","tag-rouge","tag-vin-de-savoie"],"_links":{"self":[{"href":"http:\/\/jlggb.net\/blog\/index.php?rest_route=\/wp\/v2\/posts\/1424","targetHints":{"allow":["GET"]}}],"collection":[{"href":"http:\/\/jlggb.net\/blog\/index.php?rest_route=\/wp\/v2\/posts"}],"about":[{"href":"http:\/\/jlggb.net\/blog\/index.php?rest_route=\/wp\/v2\/types\/post"}],"author":[{"embeddable":true,"href":"http:\/\/jlggb.net\/blog\/index.php?rest_route=\/wp\/v2\/users\/2"}],"replies":[{"embeddable":true,"href":"http:\/\/jlggb.net\/blog\/index.php?rest_route=%2Fwp%2Fv2%2Fcomments&post=1424"}],"version-history":[{"count":0,"href":"http:\/\/jlggb.net\/blog\/index.php?rest_route=\/wp\/v2\/posts\/1424\/revisions"}],"wp:attachment":[{"href":"http:\/\/jlggb.net\/blog\/index.php?rest_route=%2Fwp%2Fv2%2Fmedia&parent=1424"}],"wp:term":[{"taxonomy":"category","embeddable":true,"href":"http:\/\/jlggb.net\/blog\/index.php?rest_route=%2Fwp%2Fv2%2Fcategories&post=1424"},{"taxonomy":"post_tag","embeddable":true,"href":"http:\/\/jlggb.net\/blog\/index.php?rest_route=%2Fwp%2Fv2%2Ftags&post=1424"}],"curies":[{"name":"wp","href":"https:\/\/api.w.org\/{rel}","templated":true}]}}