{"id":1362,"date":"2008-02-06T23:55:21","date_gmt":"2008-02-06T23:55:21","guid":{"rendered":"http:\/\/jlggb.net\/blog\/?p=1362"},"modified":"2009-12-22T20:50:27","modified_gmt":"2009-12-22T20:50:27","slug":"das-haus-der-kulturen-der-welt","status":"publish","type":"post","link":"http:\/\/jlggb.net\/blog\/?p=1362","title":{"rendered":"Das Haus der Kulturen der Welt"},"content":{"rendered":"<p><a href=\"http:\/\/jlggb.net\/blog\/wp-content\/uploads\/2009\/02\/hkw_horloge.jpg\" data-rel=\"lightbox-image-0\" data-imagelightbox=\"0\" data-rl_title=\"\" data-rl_caption=\"\"><img loading=\"lazy\" decoding=\"async\" class=\"alignnone size-medium wp-image-1364\" title=\"\" src=\"http:\/\/jlggb.net\/blog\/wp-content\/uploads\/2009\/02\/hkw_horloge.jpg\" alt=\"\" width=\"640\" height=\"480\" \/><\/a><br \/>\n<a href=\"http:\/\/jlggb.net\/blog\/wp-content\/uploads\/2009\/02\/hkw_escalier.jpg\" data-rel=\"lightbox-image-1\" data-imagelightbox=\"1\" data-rl_title=\"\" data-rl_caption=\"\"><img loading=\"lazy\" decoding=\"async\" class=\"alignnone size-medium wp-image-1363\" title=\"\" src=\"http:\/\/jlggb.net\/blog\/wp-content\/uploads\/2009\/02\/hkw_escalier.jpg\" alt=\"\" width=\"640\" height=\"480\" \/><\/a><br \/>\nBerlin, Haus der Kulturen der Welt, 2 f\u00e9vrier 2008, 14h. Le b\u00e2timent, \u00ab cadeau \u00bb des \u00c9tats Unis \u00e0 Berlin, contribution\u00a0 \u00e0 l&rsquo;Exposition internationale d&rsquo;architecture de 1957 (architecte&nbsp;: Hugh Stubbins, E.U.,)  vient d&rsquo;\u00eatre restaur\u00e9. On peut le trouver tout \u00e0 fait au gout du jour.<\/p>\n","protected":false},"excerpt":{"rendered":"<p>Berlin, Haus der Kulturen der Welt, 2 f\u00e9vrier 2008, 14h. Le b\u00e2timent, \u00ab cadeau \u00bb des \u00c9tats Unis \u00e0 Berlin, contribution\u00a0 \u00e0 l&rsquo;Exposition internationale d&rsquo;architecture de 1957 (architecte&nbsp;: Hugh Stubbins, E.U.,) vient d&rsquo;\u00eatre restaur\u00e9. On peut le trouver tout \u00e0 fait au gout du jour.<\/p>\n","protected":false},"author":2,"featured_media":0,"comment_status":"closed","ping_status":"closed","sticky":false,"template":"","format":"standard","meta":{"footnotes":""},"categories":[18,39,181,81,46],"tags":[78,840,291,839],"class_list":["post-1362","post","type-post","status-publish","format-standard","hentry","category-architecture","category-collection","category-escalier","category-horloge","category-monument","tag-berlin","tag-escalier","tag-hkw","tag-horloge"],"_links":{"self":[{"href":"http:\/\/jlggb.net\/blog\/index.php?rest_route=\/wp\/v2\/posts\/1362","targetHints":{"allow":["GET"]}}],"collection":[{"href":"http:\/\/jlggb.net\/blog\/index.php?rest_route=\/wp\/v2\/posts"}],"about":[{"href":"http:\/\/jlggb.net\/blog\/index.php?rest_route=\/wp\/v2\/types\/post"}],"author":[{"embeddable":true,"href":"http:\/\/jlggb.net\/blog\/index.php?rest_route=\/wp\/v2\/users\/2"}],"replies":[{"embeddable":true,"href":"http:\/\/jlggb.net\/blog\/index.php?rest_route=%2Fwp%2Fv2%2Fcomments&post=1362"}],"version-history":[{"count":0,"href":"http:\/\/jlggb.net\/blog\/index.php?rest_route=\/wp\/v2\/posts\/1362\/revisions"}],"wp:attachment":[{"href":"http:\/\/jlggb.net\/blog\/index.php?rest_route=%2Fwp%2Fv2%2Fmedia&parent=1362"}],"wp:term":[{"taxonomy":"category","embeddable":true,"href":"http:\/\/jlggb.net\/blog\/index.php?rest_route=%2Fwp%2Fv2%2Fcategories&post=1362"},{"taxonomy":"post_tag","embeddable":true,"href":"http:\/\/jlggb.net\/blog\/index.php?rest_route=%2Fwp%2Fv2%2Ftags&post=1362"}],"curies":[{"name":"wp","href":"https:\/\/api.w.org\/{rel}","templated":true}]}}