{"id":131,"date":"2007-12-20T20:00:00","date_gmt":"2007-12-20T19:00:00","guid":{"rendered":"http:\/\/jlggb.net\/blog\/?p=131"},"modified":"2010-06-13T11:34:34","modified_gmt":"2010-06-13T11:34:34","slug":"gaite","status":"publish","type":"post","link":"http:\/\/jlggb.net\/blog\/?p=131","title":{"rendered":"Ga\u00eet\u00e9"},"content":{"rendered":"<p style=\"text-align: left;\"><a title=\"\" href=\"http:\/\/jlggb.net\/blog\/wp-content\/uploads\/2008\/01\/191207manuellegautrand_jlb.jpg\" data-rel=\"lightbox-image-0\" data-imagelightbox=\"0\" data-rl_title=\"\" data-rl_caption=\"\"><img loading=\"lazy\" decoding=\"async\" src=\"http:\/\/jlggb.net\/blog\/wp-content\/uploads\/2008\/01\/191207manuellegautrand_jlb.jpg\" alt=\"191207manuellegautrand_jlb.jpg\" width=\"640\" height=\"480\" \/><\/a><br \/>\nL&rsquo;endroit o\u00f9 il fallait \u00eatre le mercredi 19 d\u00e9cembre 2007 \u00e0 midi. En vedette am\u00e9ricaine&nbsp;: Manuelle Gautrand, architecte. Ach\u00e8vement des travaux de la Ga\u00eet\u00e9 lyrique&nbsp;: fin 2009. Co\u00fbt du chantier&nbsp;: 78,6 millions d&rsquo;Euros.<\/p>\n<p style=\"text-align: center;\"><a href=\"http:\/\/www.paris.fr\/portail\/viewmultimediadocument?multimediadocument-id=36382\" target=\"_blank\">Le dossier de presse (pdf).<\/a><\/p>\n<blockquote style=\"text-align: center;\">\n<p align=\"center\">Extrait de l&rsquo;intervention de Christophe Girard devant la presse.<\/p>\n<p align=\"center\">[flv:[flv width=\u00a0\u00bb300&Prime; height=\u00a0\u00bb200&Prime;]http:\/\/jlggb.net\/blog\/wp-flv\/gaite.flv[\/flv]<\/p>\n<\/blockquote>\n","protected":false},"excerpt":{"rendered":"<p>L&rsquo;endroit o\u00f9 il fallait \u00eatre le mercredi 19 d\u00e9cembre 2007 \u00e0 midi. En vedette am\u00e9ricaine&nbsp;: Manuelle Gautrand, architecte. Ach\u00e8vement des travaux de la Ga\u00eet\u00e9 lyrique&nbsp;: fin 2009. Co\u00fbt du chantier&nbsp;: 78,6 millions d&rsquo;Euros. Le dossier de presse (pdf). Extrait de l&rsquo;intervention de Christophe Girard devant la presse. [flv:[flv width=\u00a0\u00bb300&Prime; height=\u00a0\u00bb200&Prime;]http:\/\/jlggb.net\/blog\/wp-flv\/gaite.flv[\/flv]<\/p>\n","protected":false},"author":2,"featured_media":0,"comment_status":"closed","ping_status":"closed","sticky":false,"template":"","format":"standard","meta":{"footnotes":""},"categories":[18,45,9,25,19],"tags":[8,66,829,65,67,64,827],"class_list":["post-131","post","type-post","status-publish","format-standard","hentry","category-architecture","category-arrive-enfin","category-exposition","category-personne","category-ville","tag-actualite","tag-architecte","tag-architecture","tag-gaite-lyrique","tag-gautrand","tag-ville-de-paris","tag-visite"],"_links":{"self":[{"href":"http:\/\/jlggb.net\/blog\/index.php?rest_route=\/wp\/v2\/posts\/131","targetHints":{"allow":["GET"]}}],"collection":[{"href":"http:\/\/jlggb.net\/blog\/index.php?rest_route=\/wp\/v2\/posts"}],"about":[{"href":"http:\/\/jlggb.net\/blog\/index.php?rest_route=\/wp\/v2\/types\/post"}],"author":[{"embeddable":true,"href":"http:\/\/jlggb.net\/blog\/index.php?rest_route=\/wp\/v2\/users\/2"}],"replies":[{"embeddable":true,"href":"http:\/\/jlggb.net\/blog\/index.php?rest_route=%2Fwp%2Fv2%2Fcomments&post=131"}],"version-history":[{"count":0,"href":"http:\/\/jlggb.net\/blog\/index.php?rest_route=\/wp\/v2\/posts\/131\/revisions"}],"wp:attachment":[{"href":"http:\/\/jlggb.net\/blog\/index.php?rest_route=%2Fwp%2Fv2%2Fmedia&parent=131"}],"wp:term":[{"taxonomy":"category","embeddable":true,"href":"http:\/\/jlggb.net\/blog\/index.php?rest_route=%2Fwp%2Fv2%2Fcategories&post=131"},{"taxonomy":"post_tag","embeddable":true,"href":"http:\/\/jlggb.net\/blog\/index.php?rest_route=%2Fwp%2Fv2%2Ftags&post=131"}],"curies":[{"name":"wp","href":"https:\/\/api.w.org\/{rel}","templated":true}]}}