{"id":1249,"date":"2009-02-07T03:12:12","date_gmt":"2009-02-07T02:12:12","guid":{"rendered":"http:\/\/jlggb.net\/blog\/?p=1249"},"modified":"2010-03-21T09:54:01","modified_gmt":"2010-03-21T09:54:01","slug":"attraction-et-mefiance","status":"publish","type":"post","link":"http:\/\/jlggb.net\/blog\/?p=1249","title":{"rendered":"Attraction et m\u00e9fiance"},"content":{"rendered":"<p><a href=\"http:\/\/jlggb.net\/blog\/wp-content\/uploads\/2009\/02\/hegel_berlin_2009.jpg\" data-rel=\"lightbox-image-0\" data-imagelightbox=\"0\" data-rl_title=\"\" data-rl_caption=\"\"><img loading=\"lazy\" decoding=\"async\" class=\"alignnone size-full wp-image-1255\" title=\"\" src=\"http:\/\/jlggb.net\/blog\/wp-content\/uploads\/2009\/02\/hegel_berlin_2009.jpg\" alt=\"\" width=\"640\" height=\"480\" \/><\/a><br \/>\nHegelplatz, Dorotheen Strasse, Berlin, 30 janvier 2009, 17h15.<\/p>\n<p>Berlin 30 janvier. \u00c0 cinq heures, il fait d\u00e9j\u00e0 nuit. En marchant rapidement (la galerie de destination ferme \u00e0 6 heures), c&rsquo;est le mot HEGEL qui accroche l&rsquo;esprit. C&rsquo;est peut-\u00eatre le gel\u00a0: la r\u00e9flexion chemine moins vite que les NewBalance, il faut revenir longuement sur ses pas pour chercher une vue possible. Circuler des jours entiers dans Berlin fabrique un carte de points, d&rsquo;images-objets, de zones et de fronti\u00e8res, un enchev\u00eatrement obs\u00e9dant de cartes o\u00f9 les souvenirs-f\u00e9tiches personnels cherchent \u00e0 se caler sur ce qu&rsquo;on connait de l&rsquo;histoire, si l&rsquo;on peut d\u00e9signer ainsi un monde d&rsquo;une complexit\u00e9 \u00e9tourdissante.<\/p>\n<p>On n&rsquo;avait pas eu \u00e0 penser \u00e0 lui depuis quelque temps. Il existe donc encore quelque part, ici derri\u00e8re l&rsquo;universit\u00e9 Humboldt, dans une imitation Beaux-Arts. Enregistrer son image est une fa\u00e7on de conjurer un malaise. Ne s&rsquo;est-on pas r\u00e9clam\u00e9 de sa dialectique, sans en savoir bien plus. Pour \u00e9claircir \u00e7a, il fallait retrouver, par exemple, cette citation de Fran\u00e7ois Ch\u00e2telet, dans <em>Une histoire de la raison, Entretiens avec Emile No\u00ebl<\/em> ( Points Seuil, 1992, p.169)\u00a0: \u00ab\u00a0[&#8230;] il faut se m\u00e9fier de l&rsquo;h\u00e9gelianisme, car, dans la mesure o\u00f9 il assigne un cours n\u00e9cessaire au destin de l&rsquo;humanit\u00e9, il peut\u00a0\u2014\u00a0et il a, h\u00e9las&nbsp;! servi \u00e0\u00a0\u2014\u00a0justifier des r\u00e9gimes de terreur comme \u00e9tant des \u00e9tapes n\u00e9cessaires sur le chemin de la r\u00e9ussite.\u00a0\u00bb<\/p>\n<p style=\"text-align: center;\"><a href=\"http:\/\/jlggb.net\/blog\/wp-content\/uploads\/2009\/02\/chatelet.jpg\" data-rel=\"lightbox-image-1\" data-imagelightbox=\"1\" data-rl_title=\"\" data-rl_caption=\"\"><img loading=\"lazy\" decoding=\"async\" class=\"size-full wp-image-1253 alignnone\" title=\"\" src=\"http:\/\/jlggb.net\/blog\/wp-content\/uploads\/2009\/02\/chatelet.jpg\" alt=\"\" width=\"160\" height=\"270\" \/><br \/>\n<\/a>Fran\u00e7ois Ch\u00e2telet,<em> Une histoire de la raison, Entretiens avec Emile No\u00ebl<\/em> , Points Seuil, 1992<br \/>\nPhoto&nbsp;: L.V.<\/p>\n","protected":false},"excerpt":{"rendered":"<p>Hegelplatz, Dorotheen Strasse, Berlin, 30 janvier 2009, 17h15. Berlin 30 janvier. \u00c0 cinq heures, il fait d\u00e9j\u00e0 nuit. En marchant rapidement (la galerie de destination ferme \u00e0 6 heures), c&rsquo;est le mot HEGEL qui accroche l&rsquo;esprit. C&rsquo;est peut-\u00eatre le gel\u00a0: la r\u00e9flexion chemine moins vite que les NewBalance, il faut revenir longuement sur ses pas &hellip; <a href=\"http:\/\/jlggb.net\/blog\/?p=1249\" class=\"more-link\">Continuer la lecture de <span class=\"screen-reader-text\">Attraction et m\u00e9fiance<\/span><\/a><\/p>\n","protected":false},"author":2,"featured_media":0,"comment_status":"closed","ping_status":"closed","sticky":false,"template":"","format":"standard","meta":{"footnotes":""},"categories":[46,47,20,19],"tags":[78,274,273,272],"class_list":["post-1249","post","type-post","status-publish","format-standard","hentry","category-monument","category-reperage","category-universite-et-ecole","category-ville","tag-berlin","tag-francois-chatelet","tag-hegel","tag-humboldt"],"_links":{"self":[{"href":"http:\/\/jlggb.net\/blog\/index.php?rest_route=\/wp\/v2\/posts\/1249","targetHints":{"allow":["GET"]}}],"collection":[{"href":"http:\/\/jlggb.net\/blog\/index.php?rest_route=\/wp\/v2\/posts"}],"about":[{"href":"http:\/\/jlggb.net\/blog\/index.php?rest_route=\/wp\/v2\/types\/post"}],"author":[{"embeddable":true,"href":"http:\/\/jlggb.net\/blog\/index.php?rest_route=\/wp\/v2\/users\/2"}],"replies":[{"embeddable":true,"href":"http:\/\/jlggb.net\/blog\/index.php?rest_route=%2Fwp%2Fv2%2Fcomments&post=1249"}],"version-history":[{"count":0,"href":"http:\/\/jlggb.net\/blog\/index.php?rest_route=\/wp\/v2\/posts\/1249\/revisions"}],"wp:attachment":[{"href":"http:\/\/jlggb.net\/blog\/index.php?rest_route=%2Fwp%2Fv2%2Fmedia&parent=1249"}],"wp:term":[{"taxonomy":"category","embeddable":true,"href":"http:\/\/jlggb.net\/blog\/index.php?rest_route=%2Fwp%2Fv2%2Fcategories&post=1249"},{"taxonomy":"post_tag","embeddable":true,"href":"http:\/\/jlggb.net\/blog\/index.php?rest_route=%2Fwp%2Fv2%2Ftags&post=1249"}],"curies":[{"name":"wp","href":"https:\/\/api.w.org\/{rel}","templated":true}]}}